{"id":86217,"date":"2025-10-26T18:11:17","date_gmt":"2025-10-27T00:11:17","guid":{"rendered":"https:\/\/zonaroja.com.mx\/?p=86217"},"modified":"2025-10-26T18:11:20","modified_gmt":"2025-10-27T00:11:20","slug":"asesinan-a-un-hombre-y-una-mujer-en-el-istmo","status":"publish","type":"post","link":"https:\/\/zonaroja.com.mx\/?p=86217","title":{"rendered":"Asesinan a un hombre y una mujer en el Istmo;\u00a0"},"content":{"rendered":"\n<p>Raymundo Morales\/Zona Roja.<\/p>\n\n\n\n<p>Oaxaca, Oax., a 26 de octubre de 2025-. Un hombre y una mujer fueron ejecutados a balazos este domingo en jurisdicci\u00f3n del municipio de Mat\u00edas Romero Avenda\u00f1o.<\/p>\n\n\n\n<p>Los cuerpos fueron localizados a un costado de la carretera local que comunica a las comunidades de Boca del Monte con Colonia Cuahuat\u00e9moc; presentaban el tiro de gracia en la cabeza.<\/p>\n\n\n\n<p>Hasta el momento las v\u00edctimas no han sido identificadas y seg\u00fan una imagen difundida, la mujer vest\u00eda una blusa de color amarillo, de tirantes, mientras que el hombre portaba una playera gris y un pantal\u00f3n corto de color rojo, as\u00ed como tenis; a un lado se hall\u00f3 una sandalia.<\/p>\n\n\n\n<p>La Vicefiscal\u00eda Regional del Istmo, dependiente de la Fiscal\u00eda General del Estado de Oaxaca, contin\u00faa con las investigaciones correspondientes y hasta el momento no hay indicios ni de los probables autores del doble homicidio ni de las causas.<\/p>\n\n\n\n<p>Por otra parte, en Juchit\u00e1n de Zaragoza, luego del asesinato y calcinamiento del cuerpo de un motociclista, la ma\u00f1ana de hoy fue atacado a balazos un domicilio, en la S\u00e9ptima Secci\u00f3n.<\/p>\n\n\n\n<p>Tambi\u00e9n, seg\u00fan informes policiacos, en el lugar fue hallada una manta con un mensaje amenazante; hasta el momento no hay reporte de v\u00edctimas en este \u00faltimo caso.<\/p>\n","protected":false},"excerpt":{"rendered":"<p>Raymundo Morales\/Zona Roja. Oaxaca, Oax., a 26 de octubre de 2025-. Un hombre y una&hellip;<\/p>\n","protected":false},"author":2,"featured_media":86218,"comment_status":"closed","ping_status":"open","sticky":false,"template":"","format":"standard","meta":{"_lmt_disableupdate":"","_lmt_disable":"","_jetpack_memberships_contains_paid_content":false,"footnotes":""},"categories":[109,51],"tags":[4054],"class_list":["post-86217","post","type-post","status-publish","format-standard","has-post-thumbnail","hentry","category-minuto-a-minuto","category-zona-roja","tag-asesinato-matias-romero"],"jetpack_featured_media_url":"https:\/\/zonaroja.com.mx\/wp-content\/uploads\/2025\/10\/Ejecutados-Matias-Romero.jpg","jetpack_sharing_enabled":true,"_links":{"self":[{"href":"https:\/\/zonaroja.com.mx\/index.php?rest_route=\/wp\/v2\/posts\/86217","targetHints":{"allow":["GET"]}}],"collection":[{"href":"https:\/\/zonaroja.com.mx\/index.php?rest_route=\/wp\/v2\/posts"}],"about":[{"href":"https:\/\/zonaroja.com.mx\/index.php?rest_route=\/wp\/v2\/types\/post"}],"author":[{"embeddable":true,"href":"https:\/\/zonaroja.com.mx\/index.php?rest_route=\/wp\/v2\/users\/2"}],"replies":[{"embeddable":true,"href":"https:\/\/zonaroja.com.mx\/index.php?rest_route=%2Fwp%2Fv2%2Fcomments&post=86217"}],"version-history":[{"count":1,"href":"https:\/\/zonaroja.com.mx\/index.php?rest_route=\/wp\/v2\/posts\/86217\/revisions"}],"predecessor-version":[{"id":86219,"href":"https:\/\/zonaroja.com.mx\/index.php?rest_route=\/wp\/v2\/posts\/86217\/revisions\/86219"}],"wp:featuredmedia":[{"embeddable":true,"href":"https:\/\/zonaroja.com.mx\/index.php?rest_route=\/wp\/v2\/media\/86218"}],"wp:attachment":[{"href":"https:\/\/zonaroja.com.mx\/index.php?rest_route=%2Fwp%2Fv2%2Fmedia&parent=86217"}],"wp:term":[{"taxonomy":"category","embeddable":true,"href":"https:\/\/zonaroja.com.mx\/index.php?rest_route=%2Fwp%2Fv2%2Fcategories&post=86217"},{"taxonomy":"post_tag","embeddable":true,"href":"https:\/\/zonaroja.com.mx\/index.php?rest_route=%2Fwp%2Fv2%2Ftags&post=86217"}],"curies":[{"name":"wp","href":"https:\/\/api.w.org\/{rel}","templated":true}]}}