{"id":8622,"date":"2020-02-10T15:30:21","date_gmt":"2020-02-10T21:30:21","guid":{"rendered":"http:\/\/www.zonaroja.com.mx\/?p=8622"},"modified":"2020-02-10T15:30:24","modified_gmt":"2020-02-10T21:30:24","slug":"busca-policia-a-sujeto-que-mostro-genitales-a-una-joven-en-la-capital-de-oaxaca","status":"publish","type":"post","link":"https:\/\/zonaroja.com.mx\/?p=8622","title":{"rendered":"Busca polic\u00eda a sujeto que mostr\u00f3 genitales a una joven en la capital de Oaxaca"},"content":{"rendered":"\n<p>Evlin Arag\u00f3n\/Zona Roja.<\/p>\n\n\n\n<p>Oaxaca de Ju\u00e1rez, Oax., 10 de febrero\nde 2020.- Corporaciones policiacas buscan a un supuesto vendedor ambulantes,\nque el fin de semana mostr\u00f3 sus genitales en plena v\u00eda p\u00fablica a una mujer, en\nla capital de Oaxaca.<\/p>\n\n\n\n<p>Mediante una publicaci\u00f3n de Facebook,\nuna joven originaria de la ciudad denunci\u00f3 a un sujeto que vende bisuter\u00eda de\nmanera ambulante en la v\u00eda p\u00fablica y aprovecha su acercamiento con las mujeres\npara violentarlas sexualmente.<\/p>\n\n\n\n<p>De acuerdo con el relato, los hechos\nsucedieron en inmediaciones del Perif\u00e9rico, muy cerca de una conocida tienda\ndepartamental ubicada en la zona, en donde el sujeto se acerc\u00f3 a una joven\nmujer que estaba en la parada de autobuses para presuntamente ofrecer aretes,\nlos cuales rechaz\u00f3 la joven en reiteradas ocasiones ante la insistencia del\nhombre.<\/p>\n\n\n\n<p>La supuesta venta del hombre se\nconvirti\u00f3 en un acto de violencia sexual cuando se alz\u00f3 la playera y descubri\u00f3\nsu pene mientras se masturbaba, para posteriormente manchar con su l\u00edquido\nseminal a la joven mujer.<\/p>\n\n\n\n<p>\u201cSe pone frente a m\u00ed y me ofrece\naretes, le digo que no y me vuelve a insistir, me se\u00f1ala unos y me dice estos\nrojos de florecitas con brillitos te quedar\u00e1n bonitos y yo vuelvo a decir que\nno, justo en ese momento se levant\u00f3 la playera y se sacude su pene en mi cara,\nme caen unos l\u00edquidos en el pantal\u00f3n y el pie\u201d, relata la joven en una\npublicaci\u00f3n que difundi\u00f3 la p\u00e1gina de Facebook San Agust\u00edn de las Juntas.<\/p>\n\n\n\n<p>La joven lament\u00f3 no poder reclamar la\nagresi\u00f3n, debido al asco e impotencia que sinti\u00f3, situaci\u00f3n a la que que se\nenfrentan la mayor\u00eda de las mujeres que muchas veces son se\u00f1aladas de no\nresponder, denunciar o hacer algo ante los hechos, sin embargo el shock que\ngenera un ataque de car\u00e1cter sexual paraliza a las v\u00edctimas.<\/p>\n\n\n\n<p>\u201cMe qued\u00e9 fr\u00eda, no supe que hacer, me\ndio mucho asco e impotencia, me levant\u00e9, le marque a alguien y empec\u00e9 a llorar\nmientras me repet\u00eda en la mente pudiste pararte y pegarle en la cara, gritar,\nllamar la atenci\u00f3n de todos los que estaban ah\u00ed pero no pude hacerlo, no supe\nreaccionar solo pude tomarle una foto\u201d, imagen que adem\u00e1s difundi\u00f3 a trav\u00e9s de\nlas redes sociales para alertar a otras mujeres.<\/p>\n\n\n\n<p>De igual forma la joven cuestion\u00f3 la\nnormalizaci\u00f3n de este tipo de ataques, ya que al compartirlo con otras personas\nestas refirieron que lo bueno es que el joven no le hab\u00eda hecho nada\n(f\u00edsicamente) minimizando el ataque sexual del que fue v\u00edctima y que la hizo\nsentirse mal a pesar de no ser responsable del actuar del agresor.<\/p>\n\n\n\n<p>\u201cCuando se lo cont\u00e9 a una persona lo\nprimero que me pregunt\u00f3 fue \u00bfPero no te hizo nada m\u00e1s, verdad?\u00bb Fue lo\npeor que me pudieron decir, sent\u00ed que minimizaron la situaci\u00f3n \u00abtotal, no\nme toc\u00f3\u00bb pero la verdad es que est\u00e1 de la chingada toda la situaci\u00f3n. Solo\npuedo decir que si ven a este idiota tengan cuidado y al\u00e9jense de \u00e9l\u201d, concluy\u00f3\nsu relato.<\/p>\n\n\n\n<p>En los comentarios de la publicaci\u00f3n se\nda cuenta que no ha sido ni la primera, ni la \u00fanica agresi\u00f3n sexual\nprotagonizada por el sujeto que adem\u00e1s recorre los tianguis de la capital de\nOaxaca y zona conurbada, con ya tal impunidad y repitiendo el acto de acuerdo\ncon&nbsp; los mismos testimonios vertidos en\nlas redes sociales.<\/p>\n","protected":false},"excerpt":{"rendered":"<p>Evlin Arag\u00f3n\/Zona Roja. Oaxaca de Ju\u00e1rez, Oax., 10 de febrero de 2020.- Corporaciones policiacas buscan&hellip;<\/p>\n","protected":false},"author":2,"featured_media":8623,"comment_status":"closed","ping_status":"open","sticky":false,"template":"","format":"standard","meta":{"_lmt_disableupdate":"","_lmt_disable":"","_jetpack_memberships_contains_paid_content":false,"footnotes":""},"categories":[109,51],"tags":[],"class_list":["post-8622","post","type-post","status-publish","format-standard","has-post-thumbnail","hentry","category-minuto-a-minuto","category-zona-roja"],"jetpack_featured_media_url":"https:\/\/zonaroja.com.mx\/wp-content\/uploads\/2020\/02\/agresor-sexual.jpg","jetpack_sharing_enabled":true,"_links":{"self":[{"href":"https:\/\/zonaroja.com.mx\/index.php?rest_route=\/wp\/v2\/posts\/8622","targetHints":{"allow":["GET"]}}],"collection":[{"href":"https:\/\/zonaroja.com.mx\/index.php?rest_route=\/wp\/v2\/posts"}],"about":[{"href":"https:\/\/zonaroja.com.mx\/index.php?rest_route=\/wp\/v2\/types\/post"}],"author":[{"embeddable":true,"href":"https:\/\/zonaroja.com.mx\/index.php?rest_route=\/wp\/v2\/users\/2"}],"replies":[{"embeddable":true,"href":"https:\/\/zonaroja.com.mx\/index.php?rest_route=%2Fwp%2Fv2%2Fcomments&post=8622"}],"version-history":[{"count":1,"href":"https:\/\/zonaroja.com.mx\/index.php?rest_route=\/wp\/v2\/posts\/8622\/revisions"}],"predecessor-version":[{"id":8624,"href":"https:\/\/zonaroja.com.mx\/index.php?rest_route=\/wp\/v2\/posts\/8622\/revisions\/8624"}],"wp:featuredmedia":[{"embeddable":true,"href":"https:\/\/zonaroja.com.mx\/index.php?rest_route=\/wp\/v2\/media\/8623"}],"wp:attachment":[{"href":"https:\/\/zonaroja.com.mx\/index.php?rest_route=%2Fwp%2Fv2%2Fmedia&parent=8622"}],"wp:term":[{"taxonomy":"category","embeddable":true,"href":"https:\/\/zonaroja.com.mx\/index.php?rest_route=%2Fwp%2Fv2%2Fcategories&post=8622"},{"taxonomy":"post_tag","embeddable":true,"href":"https:\/\/zonaroja.com.mx\/index.php?rest_route=%2Fwp%2Fv2%2Ftags&post=8622"}],"curies":[{"name":"wp","href":"https:\/\/api.w.org\/{rel}","templated":true}]}}