{"id":86220,"date":"2025-10-26T18:51:59","date_gmt":"2025-10-27T00:51:59","guid":{"rendered":"https:\/\/zonaroja.com.mx\/?p=86220"},"modified":"2025-10-26T18:52:01","modified_gmt":"2025-10-27T00:52:01","slug":"presentan-ante-fiscalia-a-individuo-acusado-de-robar-tiendas-oxxo-en-oaxaca","status":"publish","type":"post","link":"https:\/\/zonaroja.com.mx\/?p=86220","title":{"rendered":"Presentan ante Fiscal\u00eda a individuo acusado de robar tiendas Oxxo en Oaxaca"},"content":{"rendered":"\n<p>Redacci\u00f3n\/Zona Roja.<\/p>\n\n\n\n<p>Oaxaca, Oax., a 26 de octubre de 2025.- Derivado de los operativos estrat\u00e9gicos de vigilancia y disuasi\u00f3n implementados a trav\u00e9s del Mando de Coordinaci\u00f3n de Seguridad Metropolitana en la ciudad de Oaxaca de Ju\u00e1rez, se logr\u00f3 la detenci\u00f3n de una persona del sexo masculino identificado como B.M.C.R.,&nbsp;por el delito de robo con violencia moral a las personas cometido en perjuicio de una tienda Oxxo ubicada jurisdicci\u00f3n de Oaxaca de Ju\u00e1rez.&nbsp;<\/p>\n\n\n\n<p>De acuerdo con el informe policial, los hechos ocurrieron el 18 de octubre de 2025 en el interior de una tienda de conveniencia denominada OXXO ubicada en avenida Ferrocarril 101, colonia Santa Anita, jurisdicci\u00f3n de Oaxaca de Ju\u00e1rez, lugar hasta donde ingres\u00f3 el responsable que amenaz\u00f3 con un arma de fuego a dos mujeres que se encontraban laborando en la sucursal.<\/p>\n\n\n\n<p>La investigaci\u00f3n detalla que, tras amagar a las v\u00edctimas, el agresor logr\u00f3 entrar al \u00e1rea de cajas para sustraer dinero en efectivo de una gaveta.<\/p>\n\n\n\n<p>Ante estos hechos y tras el llamado de auxilio, elementos de la Polic\u00eda Municipal de Oaxaca de Ju\u00e1rez lograron la detenci\u00f3n de B.M.C.R., y lo pusieron a disposici\u00f3n de la Vicefiscal\u00eda Regional de los Valles Centrales para su certificaci\u00f3n y posteriormente resolver su situaci\u00f3n jur\u00eddica.<\/p>\n\n\n\n<p>Inmediatamente, la Fiscal\u00eda de Oaxaca inici\u00f3 las investigaciones correspondientes sobre su probable participaci\u00f3n en robos a m\u00e1s tiendas de conveniencia en la zona.<\/p>\n\n\n\n<p>VINCULADO A PROCESO<\/p>\n\n\n\n<p>En otro caso, la Fiscal\u00eda General del Estado obtuvo auto de vinculaci\u00f3n a proceso y prisi\u00f3n preventiva en contra de una persona del sexo masculino identificada como J.E.R.R., alias \u201cEl Condorito\u201d, por el delito contra la salud en su modalidad de narcomenudeo, imputado que estar\u00eda relacionado con una red dedicada al robo a transe\u00fante que opera en la Central de Abasto de la capital.<\/p>\n\n\n\n<p>Cabe se\u00f1alar que, tras cotejar sus generales, la Fiscal\u00eda de Oaxaca confirm\u00f3 que J.E.R.R., alias \u201cEl Condorito\u201d, cuenta con antecedentes por robo en calles de la capital y Zona Metropolitana y estar\u00eda vinculado con una banda dedicada al robo a transe\u00fantes que opera principalmente en la Central de Abasto de la capital.<\/p>\n\n\n\n<p>La detenci\u00f3n se llev\u00f3 a cabo durante recorridos estrat\u00e9gicos de seguridad y vigilancia realizado por Agentes Estatales de Investigaci\u00f3n (AEI).<\/p>\n\n\n\n<p>Durante el operativo, los agentes detectaron a J.E.R.R. entregando un objeto a una persona a bordo de una motocicleta, por lo que, al notar la presencia policial, ambos intentaron huir: el primero a pie y el segundo en la unidad de motor.<\/p>\n\n\n\n<p>La investigaci\u00f3n revela que J.E.R.R., alias \u201cEl Condorito\u201d, ten\u00eda en su posesi\u00f3n bolsas con una leyenda impresa, las cuales conten\u00edan metanfetamina, por ello, fue detenido y puesto a disposici\u00f3n de la autoridad correspondiente.<\/p>\n\n\n\n<p>Por lo anterior, el caso qued\u00f3 a cargo de la Vicefiscal\u00eda Regional de Valles Centrales, que present\u00f3 los datos de prueba ante el Juez de Control, quien, tras analizarlos, determin\u00f3 vincular a proceso al imputado por el delito contra la salud en su modalidad de narcomenudeo en su hip\u00f3tesis de suministro, e impuso la medida cautelar de prisi\u00f3n preventiva justificada, otorgando el plazo de un mes para el cierre de investigaci\u00f3n complementaria.<\/p>\n","protected":false},"excerpt":{"rendered":"<p>Redacci\u00f3n\/Zona Roja. Oaxaca, Oax., a 26 de octubre de 2025.- Derivado de los operativos estrat\u00e9gicos&hellip;<\/p>\n","protected":false},"author":2,"featured_media":86221,"comment_status":"closed","ping_status":"open","sticky":false,"template":"","format":"standard","meta":{"_lmt_disableupdate":"","_lmt_disable":"","_jetpack_memberships_contains_paid_content":false,"footnotes":""},"categories":[109,46],"tags":[494],"class_list":["post-86220","post","type-post","status-publish","format-standard","has-post-thumbnail","hentry","category-minuto-a-minuto","category-zona-blanca","tag-fiscalia-general-del-estado-de-oaxaca"],"jetpack_featured_media_url":"https:\/\/zonaroja.com.mx\/wp-content\/uploads\/2025\/10\/Acusado-de-robo-a-tiendas-Oxxo-ciudad-de-Oaxaca.jpeg","jetpack_sharing_enabled":true,"_links":{"self":[{"href":"https:\/\/zonaroja.com.mx\/index.php?rest_route=\/wp\/v2\/posts\/86220","targetHints":{"allow":["GET"]}}],"collection":[{"href":"https:\/\/zonaroja.com.mx\/index.php?rest_route=\/wp\/v2\/posts"}],"about":[{"href":"https:\/\/zonaroja.com.mx\/index.php?rest_route=\/wp\/v2\/types\/post"}],"author":[{"embeddable":true,"href":"https:\/\/zonaroja.com.mx\/index.php?rest_route=\/wp\/v2\/users\/2"}],"replies":[{"embeddable":true,"href":"https:\/\/zonaroja.com.mx\/index.php?rest_route=%2Fwp%2Fv2%2Fcomments&post=86220"}],"version-history":[{"count":1,"href":"https:\/\/zonaroja.com.mx\/index.php?rest_route=\/wp\/v2\/posts\/86220\/revisions"}],"predecessor-version":[{"id":86222,"href":"https:\/\/zonaroja.com.mx\/index.php?rest_route=\/wp\/v2\/posts\/86220\/revisions\/86222"}],"wp:featuredmedia":[{"embeddable":true,"href":"https:\/\/zonaroja.com.mx\/index.php?rest_route=\/wp\/v2\/media\/86221"}],"wp:attachment":[{"href":"https:\/\/zonaroja.com.mx\/index.php?rest_route=%2Fwp%2Fv2%2Fmedia&parent=86220"}],"wp:term":[{"taxonomy":"category","embeddable":true,"href":"https:\/\/zonaroja.com.mx\/index.php?rest_route=%2Fwp%2Fv2%2Fcategories&post=86220"},{"taxonomy":"post_tag","embeddable":true,"href":"https:\/\/zonaroja.com.mx\/index.php?rest_route=%2Fwp%2Fv2%2Ftags&post=86220"}],"curies":[{"name":"wp","href":"https:\/\/api.w.org\/{rel}","templated":true}]}}