{"id":86223,"date":"2025-10-26T20:09:44","date_gmt":"2025-10-27T02:09:44","guid":{"rendered":"https:\/\/zonaroja.com.mx\/?p=86223"},"modified":"2025-10-26T20:09:47","modified_gmt":"2025-10-27T02:09:47","slug":"revientan-asamblea-constitutiva-de-nuevo-partido-politico-de-ulises-ruiz","status":"publish","type":"post","link":"https:\/\/zonaroja.com.mx\/?p=86223","title":{"rendered":"Revientan asamblea constitutiva de nuevo partido pol\u00edtico de Ulises Ruiz"},"content":{"rendered":"\n<p>Ismael Garc\u00eda M.\/Zona Roja.<\/p>\n\n\n\n<p>Oaxaca, Oax., a 26 de octubre de 2025.- Con la quema de casillas y boletas, as\u00ed como lonas, adem\u00e1s del desmantelamiento de una carpa con lona, la Secci\u00f3n 22 del SNTE y organizaciones sociales boicotearon la asamblea constitutiva en Oaxaca del partido M\u00e9xico Nuevo, que impulsa el ex gobernador Ulises Ruiz Ortiz.<\/p>\n\n\n\n<p>Desde temprana hora, a trav\u00e9s de una circular de la gremial, se cit\u00f3 a los contingentes de manera urgente para acudir a un deportivo ubicado a un costado de la avenida Ferrocarril, en el municipio de Santa Cruz Amilpas, conurbado a la capital.<\/p>\n\n\n\n<p>Fue alrededor de las 10 de la ma\u00f1ana en que arrib\u00f3 el primer grupo de personas y de inmediato ingres\u00f3 al centro de reuni\u00f3n, propiedad del ayuntamiento, para causar los destrozos.<\/p>\n\n\n\n<p>A\u00fan hab\u00eda pocos militantes en el lugar, pues la asamblea constitutiva, que presidir\u00eda Sof\u00eda Castro R\u00edos, estaba citada a las 11:00 horas.<\/p>\n\n\n\n<p>Poco a poco llegaron m\u00e1s integrantes de magisterio, quienes ocuparon los dos sentidos de la vialidad de la avenida Ferrocarril, as\u00ed como el crucero de Santa Cruz Amilpas.<\/p>\n\n\n\n<p>Ah\u00ed organizaciones sociales y el magisterio efectuaron un mitin y concluyeron su movilizaci\u00f3n alrededor del mediod\u00eda.<\/p>\n\n\n\n<p>En un comunicado, la Secci\u00f3n 22 puntualiz\u00f3:<\/p>\n\n\n\n<p>\u201cEl pueblo oaxaque\u00f1o no olvida. Hoy, en la unidad deportiva de Santa Cruz Amilpas, el tirano Ulises Ruiz Ortiz, responsable de la represi\u00f3n y los cr\u00edmenes de 2006 contra maestras, maestros y el pueblo digno de Oaxaca, pretend\u00eda reaparecer con el disfraz de \u2018dem\u00f3crata\u2019, buscando crear un partido pol\u00edtico llamado \u2018M\u00e9xico Nuevo, Paz y Futuro\u2019.<\/p>\n\n\n\n<p>\u201cPero el pueblo ya lo conoce: su ambici\u00f3n de poder y su historia de violencia no se borran con discursos vac\u00edos. Este intento de \u2018renacer pol\u00edtico\u2019 no es m\u00e1s que un acto de provocaci\u00f3n, respaldado por un sistema que le abre las puertas en lugar de llevarlo ante la justicia por los cr\u00edmenes de lesa humanidad que cometi\u00f3.<\/p>\n\n\n\n<p>\u201cEl Movimiento Democr\u00e1tico de Trabajadores de la Educaci\u00f3n de Oaxaca (MDTEO) a trav\u00e9s de la Regi\u00f3n de Valles Centrales de la Secci\u00f3n XXII del SNTE-CNTE se moviliz\u00f3 con el objetivo de fijar el posicionamiento pol\u00edtico y manifestar el rechazo ante la \u00a0presencia de Ulises Ruiz Ortiz, reafirmando el compromiso con la memoria hist\u00f3rica, la justicia social y la dignidad del magisterio oaxaque\u00f1o.<\/p>\n\n\n\n<p>\u00abLa Secci\u00f3n XXII denuncia ante el pueblo de M\u00e9xico los actos de represi\u00f3n, persecuci\u00f3n, tortura y asesinato ocurridos en 2006 bajo su gobierno, cuando el magisterio y el pueblo se levantaron en defensa de la educaci\u00f3n p\u00fablica y los derechos del pueblo trabajador\u00bb.<\/p>\n\n\n\n<p>Tras ello, algunos docentes se apoderaron de sillas y mesas, las subieron a una camioneta y las trasladaron a la sede del comit\u00e9 ejecutivo seccional, en el centro de la capital.<\/p>\n","protected":false},"excerpt":{"rendered":"<p>Ismael Garc\u00eda M.\/Zona Roja. Oaxaca, Oax., a 26 de octubre de 2025.- Con la quema&hellip;<\/p>\n","protected":false},"author":2,"featured_media":86224,"comment_status":"closed","ping_status":"open","sticky":false,"template":"","format":"standard","meta":{"_lmt_disableupdate":"","_lmt_disable":"","_jetpack_memberships_contains_paid_content":false,"footnotes":""},"categories":[109,47],"tags":[312,749],"class_list":["post-86223","post","type-post","status-publish","format-standard","has-post-thumbnail","hentry","category-minuto-a-minuto","category-zona-gris","tag-seccion-22-del-snte","tag-ulises-ruiz-ortiz"],"jetpack_featured_media_url":"https:\/\/zonaroja.com.mx\/wp-content\/uploads\/2025\/10\/Protesta-Seccion-22-contra-ulises-ruiz.jpg","jetpack_sharing_enabled":true,"_links":{"self":[{"href":"https:\/\/zonaroja.com.mx\/index.php?rest_route=\/wp\/v2\/posts\/86223","targetHints":{"allow":["GET"]}}],"collection":[{"href":"https:\/\/zonaroja.com.mx\/index.php?rest_route=\/wp\/v2\/posts"}],"about":[{"href":"https:\/\/zonaroja.com.mx\/index.php?rest_route=\/wp\/v2\/types\/post"}],"author":[{"embeddable":true,"href":"https:\/\/zonaroja.com.mx\/index.php?rest_route=\/wp\/v2\/users\/2"}],"replies":[{"embeddable":true,"href":"https:\/\/zonaroja.com.mx\/index.php?rest_route=%2Fwp%2Fv2%2Fcomments&post=86223"}],"version-history":[{"count":1,"href":"https:\/\/zonaroja.com.mx\/index.php?rest_route=\/wp\/v2\/posts\/86223\/revisions"}],"predecessor-version":[{"id":86225,"href":"https:\/\/zonaroja.com.mx\/index.php?rest_route=\/wp\/v2\/posts\/86223\/revisions\/86225"}],"wp:featuredmedia":[{"embeddable":true,"href":"https:\/\/zonaroja.com.mx\/index.php?rest_route=\/wp\/v2\/media\/86224"}],"wp:attachment":[{"href":"https:\/\/zonaroja.com.mx\/index.php?rest_route=%2Fwp%2Fv2%2Fmedia&parent=86223"}],"wp:term":[{"taxonomy":"category","embeddable":true,"href":"https:\/\/zonaroja.com.mx\/index.php?rest_route=%2Fwp%2Fv2%2Fcategories&post=86223"},{"taxonomy":"post_tag","embeddable":true,"href":"https:\/\/zonaroja.com.mx\/index.php?rest_route=%2Fwp%2Fv2%2Ftags&post=86223"}],"curies":[{"name":"wp","href":"https:\/\/api.w.org\/{rel}","templated":true}]}}