{"id":86229,"date":"2025-10-27T07:31:49","date_gmt":"2025-10-27T13:31:49","guid":{"rendered":"https:\/\/zonaroja.com.mx\/?p=86229"},"modified":"2025-10-27T07:31:52","modified_gmt":"2025-10-27T13:31:52","slug":"integrantes-de-la-banda-de-musica-de-oaxaca-en-la-incertidumbre-laboral","status":"publish","type":"post","link":"https:\/\/zonaroja.com.mx\/?p=86229","title":{"rendered":"Integrantes de la Banda de M\u00fasica de Oaxaca, en la incertidumbre laboral"},"content":{"rendered":"\n<p>Raymundo Morales\/Zona Roja.<\/p>\n\n\n\n<p>Oaxaca, Oax., a 27 de octubre de 2025.- Escasas prestaciones laborales, contratos de un mes, infraestructura deficiente y un espacio indigno para ensayos, son, entre otras, las carencias que enfrenta la centenaria Banda de M\u00fasica del Estado de Oaxaca.<\/p>\n\n\n\n<p>Con ese motivo, este domingo protestaron de manera pac\u00edfica durante el concierto que dieron al mediod\u00eda en el z\u00f3calo de la capital del estado.<\/p>\n\n\n\n<p>\u201cBanda de M\u00fasica en total abandono\u201d, \u201cSoluciones a nuestras necesidades laborales\u201d, \u201cSolicitamos una audiencia con el gobernador\u201d, son las tres cartulinas que colocaron frente a la agrupaci\u00f3n, conformada por m\u00e1s de 60 m\u00fasicos, en su mayor\u00eda varones.<\/p>\n\n\n\n<p>Ni el director Mois\u00e9s Huantes ni ning\u00fan otro m\u00fasico accedi\u00f3 a dar una entrevista formal a los medios de comunicaci\u00f3n pero s\u00ed detallaron las problem\u00e1ticas que enfrentan.<\/p>\n\n\n\n<p>Aseguran que ni el anterior secretario de las Culturas y Artes, V\u00edctor V\u00e1squez Castillejos, ni el actual, Flavio Sosa Villavicencio, los ha querido recibir en audiencia para plantear sus demandas.<\/p>\n\n\n\n<p>Asimismo, \u00fanicamente les dan a firmar un contrato laboral cada mes, lo que les genera incertidumbre laboral; otros m\u00e1s est\u00e1n bajo la modalidad contrato-confianza, pero que tampoco generan antig\u00fcedad; es decir, nadie podr\u00eda obtener una jubilaci\u00f3n de esa manera.<\/p>\n\n\n\n<p>Asimismo, una vez que el organismo de la Beneficencia P\u00fablica estatal se apoder\u00f3 del inmueble donde ensayaban, en la cuarta calle de Guerrero, centro de la ciudad de Oaxaca, cada vez es m\u00e1s dif\u00edcil efectuar los ensayos.<\/p>\n\n\n\n<p>Mientras que el mantenimiento de los instrumentos lo tienen que realizar de su propio ingreso.<\/p>\n\n\n\n<p>Los integrantes de la Banda de M\u00fasica del Estado recalcaron su inter\u00e9s de tener un acercamiento directo con el gobernador de Oaxaca, Salom\u00f3n Jara Cruz, con la finalidad de exponer de manera directa sus demandas.<\/p>\n\n\n\n<figure class=\"wp-block-embed is-type-rich is-provider-twitter wp-block-embed-twitter\"><div class=\"wp-block-embed__wrapper\">\n<div class=\"twitter-tweet\"><blockquote class=\"twitter-tweet\" data-lang=\"es\"><p lang=\"es\" dir=\"ltr\"><a href=\"https:\/\/twitter.com\/hashtag\/AlMomento?src=hash&amp;ref_src=twsrc%5Etfw\">#AlMomento<\/a> <br>Bajo protesta toc\u00f3 hoy la Banda de M\u00fasica del Estado, en su concierto dominical bajo el laurel del z\u00f3calo de la ciudad de Oaxaca.<br><br>Los integrantes piden una audiencia con el gobernador <a href=\"https:\/\/twitter.com\/salomonj?ref_src=twsrc%5Etfw\">@salomonj<\/a> y con el titular de la <a href=\"https:\/\/twitter.com\/SECULTA_GobOax?ref_src=twsrc%5Etfw\">@SECULTA_GobOax<\/a>, <a href=\"https:\/\/twitter.com\/flaviososavilla?ref_src=twsrc%5Etfw\">@flaviososavilla<\/a>, para plantear\u2026 <a href=\"https:\/\/t.co\/ZXioNUBWL9\">pic.twitter.com\/ZXioNUBWL9<\/a><\/p>&mdash; Zona Roja Oaxaca (@ZonaRoja_Oaxaca) <a href=\"https:\/\/twitter.com\/ZonaRoja_Oaxaca\/status\/1982537663409185071?ref_src=twsrc%5Etfw\">26 de octubre de 2025<\/a><\/blockquote><\/div>\n<\/div><\/figure>\n","protected":false},"excerpt":{"rendered":"<p>Raymundo Morales\/Zona Roja. Oaxaca, Oax., a 27 de octubre de 2025.- Escasas prestaciones laborales, contratos&hellip;<\/p>\n","protected":false},"author":2,"featured_media":86230,"comment_status":"closed","ping_status":"open","sticky":false,"template":"","format":"standard","meta":{"_lmt_disableupdate":"","_lmt_disable":"","_jetpack_memberships_contains_paid_content":false,"footnotes":""},"categories":[109,47],"tags":[3222],"class_list":["post-86229","post","type-post","status-publish","format-standard","has-post-thumbnail","hentry","category-minuto-a-minuto","category-zona-gris","tag-banda-de-musica-del-estado-de-oaxaca"],"jetpack_featured_media_url":"https:\/\/zonaroja.com.mx\/wp-content\/uploads\/2025\/10\/Protesta-Banda-de-Musica-del-Estado-de-Oaxaca.jpg","jetpack_sharing_enabled":true,"_links":{"self":[{"href":"https:\/\/zonaroja.com.mx\/index.php?rest_route=\/wp\/v2\/posts\/86229","targetHints":{"allow":["GET"]}}],"collection":[{"href":"https:\/\/zonaroja.com.mx\/index.php?rest_route=\/wp\/v2\/posts"}],"about":[{"href":"https:\/\/zonaroja.com.mx\/index.php?rest_route=\/wp\/v2\/types\/post"}],"author":[{"embeddable":true,"href":"https:\/\/zonaroja.com.mx\/index.php?rest_route=\/wp\/v2\/users\/2"}],"replies":[{"embeddable":true,"href":"https:\/\/zonaroja.com.mx\/index.php?rest_route=%2Fwp%2Fv2%2Fcomments&post=86229"}],"version-history":[{"count":1,"href":"https:\/\/zonaroja.com.mx\/index.php?rest_route=\/wp\/v2\/posts\/86229\/revisions"}],"predecessor-version":[{"id":86231,"href":"https:\/\/zonaroja.com.mx\/index.php?rest_route=\/wp\/v2\/posts\/86229\/revisions\/86231"}],"wp:featuredmedia":[{"embeddable":true,"href":"https:\/\/zonaroja.com.mx\/index.php?rest_route=\/wp\/v2\/media\/86230"}],"wp:attachment":[{"href":"https:\/\/zonaroja.com.mx\/index.php?rest_route=%2Fwp%2Fv2%2Fmedia&parent=86229"}],"wp:term":[{"taxonomy":"category","embeddable":true,"href":"https:\/\/zonaroja.com.mx\/index.php?rest_route=%2Fwp%2Fv2%2Fcategories&post=86229"},{"taxonomy":"post_tag","embeddable":true,"href":"https:\/\/zonaroja.com.mx\/index.php?rest_route=%2Fwp%2Fv2%2Ftags&post=86229"}],"curies":[{"name":"wp","href":"https:\/\/api.w.org\/{rel}","templated":true}]}}