{"id":86232,"date":"2025-10-27T08:29:17","date_gmt":"2025-10-27T14:29:17","guid":{"rendered":"https:\/\/zonaroja.com.mx\/?p=86232"},"modified":"2025-10-27T08:29:19","modified_gmt":"2025-10-27T14:29:19","slug":"seccion-22-segundo-mes-de-protesta-de-supervisores-inician-secundarias-tecnicas","status":"publish","type":"post","link":"https:\/\/zonaroja.com.mx\/?p=86232","title":{"rendered":"Secci\u00f3n 22: segundo mes de protesta de supervisores; inician Secundarias T\u00e9cnicas"},"content":{"rendered":"\n<p>Ismael Garc\u00eda M.\/Zona Roja.<\/p>\n\n\n\n<p>Oaxaca, Oax., a 27 de octubre de 2025.- Mientras que los supervisores y jefes de sector inician este d\u00eda un segundo mes de protestas y \u201cplant\u00f3n\u201d en el exterior del Palacio de Gobierno, el nivel de Secundarias T\u00e9cnicas arranc\u00f3 manifestaciones; con ello, el magisterio pretende llegar al D\u00eda de Muertos con sus manifestaciones.<\/p>\n\n\n\n<p>Con ello, la Secci\u00f3n 22 del Sindicato Nacional de Trabajadores de la Educaci\u00f3n (SNTE) tambi\u00e9n desde hace un mes un intensa jornada de protestas, que incluye tambi\u00e9n a los jubilados y otros niveles, aunado a las movilizaciones de los normalistas.<\/p>\n\n\n\n<p>En el caso de los supervisores y jefes de sector, que encabeza el ex dirigente magisterial Erangelio Mendoza, pide el reconocimiento y renivelaci\u00f3n de al menos 100 casos de docentes.<\/p>\n\n\n\n<p>Asimismo, pago pendiente de quienes han ocupado un cargo superior a su nombramiento; por ello en m\u00faltiples ocasiones han cerrado vialidades en el centro de la capital, adem\u00e1s de mantenerse en \u201cplant\u00f3n\u201d en el Palacio de Gobierno.<\/p>\n\n\n\n<p>En el caso del nivel de Secundarias T\u00e9cnicas, que inician su jornada hoy, reclaman tambi\u00e9n horas de pago pendientes, sin que tengan atenci\u00f3n a esas demandas.<\/p>\n\n\n\n<p>En tanto, los estudiantes normalistas reanudaron movilizaciones desde el pasado viernes, en que \u201ctomaron\u201d algunos planteles, adem\u00e1s de apoderarse de unidades del transporte de pasajeros y que han llevado a instalaciones educativas.<\/p>\n\n\n\n<p>Seg\u00fan declaraciones, el fin de semana pasado, de la dirigente estatal de la Secci\u00f3n 22, Yenny Aracely P\u00e9rez Mart\u00ednez, al no cumplir las autoridades estatales y federales las demandas, se reanudar\u00e1n las protestas.<\/p>\n\n\n\n<p>En tanto, el s\u00e1bado sesionaron en Oaxaca integrantes de la Coordinadora Nacional de Trabajadores de la Educaci\u00f3n, que determinaron tambi\u00e9n reactivar su huelga nacional, as\u00ed como un paro de 48 horas, que ser\u00eda en la segunda semana de noviembre.<\/p>\n","protected":false},"excerpt":{"rendered":"<p>Ismael Garc\u00eda M.\/Zona Roja. Oaxaca, Oax., a 27 de octubre de 2025.- Mientras que los&hellip;<\/p>\n","protected":false},"author":2,"featured_media":86233,"comment_status":"closed","ping_status":"open","sticky":false,"template":"","format":"standard","meta":{"_lmt_disableupdate":"","_lmt_disable":"","_jetpack_memberships_contains_paid_content":false,"footnotes":""},"categories":[109,47],"tags":[312],"class_list":["post-86232","post","type-post","status-publish","format-standard","has-post-thumbnail","hentry","category-minuto-a-minuto","category-zona-gris","tag-seccion-22-del-snte"],"jetpack_featured_media_url":"https:\/\/zonaroja.com.mx\/wp-content\/uploads\/2025\/10\/Protesta-Seccion-22-del-SNTE-palacio-Oaxaca.jpg","jetpack_sharing_enabled":true,"_links":{"self":[{"href":"https:\/\/zonaroja.com.mx\/index.php?rest_route=\/wp\/v2\/posts\/86232","targetHints":{"allow":["GET"]}}],"collection":[{"href":"https:\/\/zonaroja.com.mx\/index.php?rest_route=\/wp\/v2\/posts"}],"about":[{"href":"https:\/\/zonaroja.com.mx\/index.php?rest_route=\/wp\/v2\/types\/post"}],"author":[{"embeddable":true,"href":"https:\/\/zonaroja.com.mx\/index.php?rest_route=\/wp\/v2\/users\/2"}],"replies":[{"embeddable":true,"href":"https:\/\/zonaroja.com.mx\/index.php?rest_route=%2Fwp%2Fv2%2Fcomments&post=86232"}],"version-history":[{"count":1,"href":"https:\/\/zonaroja.com.mx\/index.php?rest_route=\/wp\/v2\/posts\/86232\/revisions"}],"predecessor-version":[{"id":86234,"href":"https:\/\/zonaroja.com.mx\/index.php?rest_route=\/wp\/v2\/posts\/86232\/revisions\/86234"}],"wp:featuredmedia":[{"embeddable":true,"href":"https:\/\/zonaroja.com.mx\/index.php?rest_route=\/wp\/v2\/media\/86233"}],"wp:attachment":[{"href":"https:\/\/zonaroja.com.mx\/index.php?rest_route=%2Fwp%2Fv2%2Fmedia&parent=86232"}],"wp:term":[{"taxonomy":"category","embeddable":true,"href":"https:\/\/zonaroja.com.mx\/index.php?rest_route=%2Fwp%2Fv2%2Fcategories&post=86232"},{"taxonomy":"post_tag","embeddable":true,"href":"https:\/\/zonaroja.com.mx\/index.php?rest_route=%2Fwp%2Fv2%2Ftags&post=86232"}],"curies":[{"name":"wp","href":"https:\/\/api.w.org\/{rel}","templated":true}]}}