{"id":86237,"date":"2025-10-27T10:34:00","date_gmt":"2025-10-27T16:34:00","guid":{"rendered":"https:\/\/zonaroja.com.mx\/?p=86237"},"modified":"2025-10-27T11:05:05","modified_gmt":"2025-10-27T17:05:05","slug":"opinion-y-todavia-existe-el-pan-en-oaxaca-muerto","status":"publish","type":"post","link":"https:\/\/zonaroja.com.mx\/?p=86237","title":{"rendered":"Opini\u00f3n. \u00bfY todav\u00eda existe el PAN? En Oaxaca, muerto"},"content":{"rendered":"\n<p>Ismael Garc\u00eda M.\/Zona Roja.<\/p>\n\n\n\n<p>Oaxaca, Oax., a 27 de octubre, 2025.- Orondo, el Partido Acci\u00f3n Nacional anunci\u00f3 el pasado 18 de octubre su resurgimiento\u2026 Pero con tan mal tino que lo hizo en plena crisis nacional y tragedia por las intensas lluvias en cinco estados, donde hubo saldos funestos.<\/p>\n\n\n\n<p>Pero, la pregunta que se hacen los ciudadanos es, \u00bfa\u00fan existe el PAN? Salvo algunas figuras pol\u00edticas, muy escasas, no hay nadie m\u00e1s; ni siquiera la dirigencia nacional se vislumbra por alg\u00fan lugar.<\/p>\n\n\n\n<p>Y a\u00fan as\u00ed, pretende erigirse como la \u00fanica oposici\u00f3n pol\u00edtica en el pa\u00eds, para enfrentar al Partido Morena en los pr\u00f3ximos comicios.<\/p>\n\n\n\n<p>Pero se olvida que la gran mayor\u00eda de sus militantes es ya de la 4T desde hace mucho, como es el caso de su otrora representante Manuel Espino, por poner un solo ejemplo.<\/p>\n\n\n\n<p>\u00bfY qu\u00e9 pasa en Oaxaca? Enterrado, totalmente, pues sus militantes ya no existen como tampoco su dirigencia, que solamente disfruta de las \u00faltimas prerrogativas que la el Instituto Estatal Electoral, procedente de nuestros impuestos, claro est\u00e1.<\/p>\n\n\n\n<p>No se ve por d\u00f3nde, m\u00e1s que en el maquillaje, que Acci\u00f3n Nacional pueda resurgir y enfrentar al monstruo en que se ha convertido Morena, y no por su arrastre electoral, sino porque el partido el poder ha comprado todo, al precio que sea.<\/p>\n\n\n\n<p>\u00bfCU\u00c1L RENOVACI\u00d3N?<\/p>\n\n\n\n<p>Hace 73 a\u00f1os, 19 de septiembre de 1939, Manuel G\u00f3mez Mor\u00edn fund\u00f3 un partido de derecha, inclinado a la religiosidad y concretamente al catolicismo; seg\u00fan sus estatutos, su posici\u00f3n ideol\u00f3gica es del \u201chumanismo cristiano\u201d.<\/p>\n\n\n\n<p>Pretend\u00eda ser contrapeso al entonces Partido de la Revoluci\u00f3n Mexicana, hoy PRI; pero en siete d\u00e9cadas, ha tenido muy escasos logros: apenas dos presidencias de la Rep\u00fablica y media decena de gubernaturas.<\/p>\n\n\n\n<p>Felipe Calder\u00f3n Hinojosa \u2014quien pretende regresar al escenario pol\u00edtico\u2014 y Vicente Fox Quesada \u2014que ahora le hace gui\u00f1os al partido, M\u00e9xico Nuevo, que propone crear Ulises Ruiz\u2014, sus \u00fanicos mandatarios, que en 12 a\u00f1os botaron a la basura la confianza ciudadana de los mexicanos.<\/p>\n\n\n\n<p>A partir de ah\u00ed, tiene derrotas tras derrotas; actualmente gobiernan Chihuahua, Guanajuato, Quer\u00e9taro, Aguascalientes y Yucat\u00e1n; en la mayor\u00eda habr\u00e1 proceso de renovaci\u00f3n el pr\u00f3ximo a\u00f1o y las cuentas no le salen al panismo para ratificar triunfos.<\/p>\n\n\n\n<p>Escasa representaci\u00f3n en el Senado de la Rep\u00fablica y en la C\u00e1mara de Diputados, que es a su vez una oposici\u00f3n m\u00ednima frente a la aplanadora morenista con sus aliados del PT, PVEM y el PRI.<\/p>\n\n\n\n<p>Hace poco m\u00e1s de una semana anunci\u00f3 la \u201crenovaci\u00f3n\u201d, pero s\u00f3lo en su imagen.<\/p>\n\n\n\n<p>Present\u00f3 un nuevo logotipo, el primer cambio significativo en su emblema desde 1952, que busca ser m\u00e1s moderno y conectar con las nuevas generaciones; elimina el tradicional c\u00edrculo azul.<\/p>\n\n\n\n<p>Las siglas tienen una leve inclinaci\u00f3n a la derecha y el color es un azul m\u00e1s intenso, cercano al negro.<\/p>\n\n\n\n<p>Supuestamente con este cambio, pretenden atraer a los j\u00f3venes del pa\u00eds, aunque no se han delineado estrategias reales para ello.<\/p>\n\n\n\n<p>Eso es pr\u00e1cticamente todo lo que present\u00f3 el PAN, que dirige Jorge Romero Herrera desde el 2024, por cierto un perfecto desconocido en la pol\u00edtica mexicana.<\/p>\n\n\n\n<p>\u00bfCu\u00e1l cambio? Uno verdadero ser\u00eda regresar a ras de tierra a las comunidades para recuperar la militancia perdida. Pero sus dirigentes son \u201cjuniors\u201d, muchos de millonarios de abolengo con propiedades en Estados Unidos, que dif\u00edcilmente voltean a ver al ciudadano com\u00fan. Todo lo quieren conseguir con ruido medi\u00e1tico, pero ni siquiera eso alcanzan.<\/p>\n\n\n\n<p>\u00bfY EN OAXACA?<\/p>\n\n\n\n<p>\u00bfDesde cu\u00e1ndo ya no existe Acci\u00f3n Nacional en Oaxaca? Desde hace mucho, principalmente desde que la entonces dirigente estatal Natividad D\u00edaz Jim\u00e9nez se pleg\u00f3 a los designios de los Murat.<\/p>\n\n\n\n<p>El sexenio priista anterior que presidi\u00f3 Alejandro Murat transcurri\u00f3 sin oposici\u00f3n absoluta, sin que nadie le recriminara cualquier acci\u00f3n contraria a la ley o determinaci\u00f3n pol\u00edtica; hasta compadres resultaron Natividad y el entonces mandatario. <\/p>\n\n\n\n<p>As\u00ed, D\u00edaz Jim\u00e9nez, beneficiada con diputaciones hasta en cuatro veces, todas plurinominales, fue \u201cinvitada\u201d por los mismos personajes a formar parte de Morena, aunque de manera disfrazada.<\/p>\n\n\n\n<p>En las elecciones del 2022, por supuesto que no hizo ning\u00fan ruido para que ganara Salom\u00f3n Jara Cruz, quien le gratific\u00f3 con otra diputaci\u00f3n y la presidencia de la Mesa Directiva; disfrazada como legisladora independiente, vota todo a favor de lo que pidan los morenistas.<\/p>\n\n\n\n<p>Hubo s\u00ed cierta oposici\u00f3n en el actual sexenio con Perla Woolrich Fern\u00e1ndez, quien incluso implement\u00f3 una conferencia de prensa semanal, en que criticaba los designios estatales y federales del morenismo.<\/p>\n\n\n\n<p>Claro que no pas\u00f3 m\u00e1s all\u00e1 de ruido medi\u00e1tico, pues ni en el Legislativo ni en la militancia encontraba eco. Fue sustituida a principios de este a\u00f1o por Rosario Ram\u00edrez Hern\u00e1ndez, de quien se desconoce absolutamente todo.<\/p>\n\n\n\n<p>Se presume que fue recomendada por Natividad D\u00edaz, para seguir siendo una oposici\u00f3n callada, o nula, ante el poder.&nbsp;<\/p>\n\n\n\n<p>Hace unas semanas se dio a conocer la renuncia de Juan Mendoza Reyes al panismo, otrora aliado de D\u00edaz Jim\u00e9nez, pero pas\u00f3 sin mayor impacto, pues nada representaba ya.<\/p>\n\n\n\n<p>\u00bfEn d\u00f3nde est\u00e1n los aguerridos panistas como Perla Woolrich, Gerardo Henestrosa, Carlos Moreno Alc\u00e1ntara y otros m\u00e1s? Nadie sabe. Quiz\u00e1 tambi\u00e9n consintiendo al morenismo, a sabiendas que al enemigo hay que un\u00edrsele si no se le puede combatir. \u00bfHay PAN en Oaxaca? La pregunta ni se deber\u00eda hacer.<\/p>\n","protected":false},"excerpt":{"rendered":"<p>Ismael Garc\u00eda M.\/Zona Roja. Oaxaca, Oax., a 27 de octubre, 2025.- Orondo, el Partido Acci\u00f3n&hellip;<\/p>\n","protected":false},"author":2,"featured_media":67764,"comment_status":"closed","ping_status":"open","sticky":false,"template":"","format":"standard","meta":{"_lmt_disableupdate":"","_lmt_disable":"","_jetpack_memberships_contains_paid_content":false,"footnotes":""},"categories":[456,109,48],"tags":[1353],"class_list":["post-86237","post","type-post","status-publish","format-standard","has-post-thumbnail","hentry","category-columna","category-minuto-a-minuto","category-zona-critica","tag-opinion-zona-critica"],"jetpack_featured_media_url":"https:\/\/zonaroja.com.mx\/wp-content\/uploads\/2024\/04\/Opinion-Zona-Roja-Ismael-Garcia.jpg","jetpack_sharing_enabled":true,"_links":{"self":[{"href":"https:\/\/zonaroja.com.mx\/index.php?rest_route=\/wp\/v2\/posts\/86237","targetHints":{"allow":["GET"]}}],"collection":[{"href":"https:\/\/zonaroja.com.mx\/index.php?rest_route=\/wp\/v2\/posts"}],"about":[{"href":"https:\/\/zonaroja.com.mx\/index.php?rest_route=\/wp\/v2\/types\/post"}],"author":[{"embeddable":true,"href":"https:\/\/zonaroja.com.mx\/index.php?rest_route=\/wp\/v2\/users\/2"}],"replies":[{"embeddable":true,"href":"https:\/\/zonaroja.com.mx\/index.php?rest_route=%2Fwp%2Fv2%2Fcomments&post=86237"}],"version-history":[{"count":2,"href":"https:\/\/zonaroja.com.mx\/index.php?rest_route=\/wp\/v2\/posts\/86237\/revisions"}],"predecessor-version":[{"id":86248,"href":"https:\/\/zonaroja.com.mx\/index.php?rest_route=\/wp\/v2\/posts\/86237\/revisions\/86248"}],"wp:featuredmedia":[{"embeddable":true,"href":"https:\/\/zonaroja.com.mx\/index.php?rest_route=\/wp\/v2\/media\/67764"}],"wp:attachment":[{"href":"https:\/\/zonaroja.com.mx\/index.php?rest_route=%2Fwp%2Fv2%2Fmedia&parent=86237"}],"wp:term":[{"taxonomy":"category","embeddable":true,"href":"https:\/\/zonaroja.com.mx\/index.php?rest_route=%2Fwp%2Fv2%2Fcategories&post=86237"},{"taxonomy":"post_tag","embeddable":true,"href":"https:\/\/zonaroja.com.mx\/index.php?rest_route=%2Fwp%2Fv2%2Ftags&post=86237"}],"curies":[{"name":"wp","href":"https:\/\/api.w.org\/{rel}","templated":true}]}}