{"id":86239,"date":"2025-10-27T11:37:00","date_gmt":"2025-10-27T17:37:00","guid":{"rendered":"https:\/\/zonaroja.com.mx\/?p=86239"},"modified":"2025-10-27T09:40:31","modified_gmt":"2025-10-27T15:40:31","slug":"centro-de-inteligencia-de-oaxaca-registra-avance-del-78-72","status":"publish","type":"post","link":"https:\/\/zonaroja.com.mx\/?p=86239","title":{"rendered":"Centro de inteligencia de Oaxaca registra avance del 78.72%"},"content":{"rendered":"\n<p>Redacci\u00f3n\/Zona Roja.&nbsp;<\/p>\n\n\n\n<p>Oaxaca, Oax., a 27 de octubre de 2025.- El gobernador Salom\u00f3n Jara Cruz supervis\u00f3 ayer el avance en la construcci\u00f3n del Centro de Control, Comando, Comunicaci\u00f3n, Coordinaci\u00f3n e Inteligencia (C5I), obra de infraestructura que colocar\u00e1 a Oaxaca a la vanguardia en las tareas de seguridad p\u00fablica, con tecnolog\u00eda de primera generaci\u00f3n que permitir\u00e1 reducir los delitos.<\/p>\n\n\n\n<p>Durante el recorrido por este inmueble, el mandatario estatal asever\u00f3 que para el gobierno, la salvaguarda de las familias es una prioridad, toda vez que no puede haber desarrollo sin paz.<\/p>\n\n\n\n<p>En este sentido, se\u00f1al\u00f3 que este esfuerzo se suma al fortalecimiento de las polic\u00edas municipales, con: capacitaci\u00f3n, certificaci\u00f3n y equipamiento; que se han brindado desde el inicio de su administraci\u00f3n, y que consolidan a Oaxaca como el quinto estado m\u00e1s seguro del pa\u00eds.<\/p>\n\n\n\n<p>Con una inversi\u00f3n de 398 millones 412 mil 236 pesos, el C5I se construye sobre una superficie total de cuatro mil 11 metros cuadrados, incluir\u00e1 110 pantallas en videowall, \u00e1rea de operadores del n\u00famero de emergencias 9-1-1 y de denuncia an\u00f3nima 089; urgencias m\u00e9dicas y estaci\u00f3n de drones.<\/p>\n\n\n\n<p>Este complejo ubicado en la esquina de avenida Eduardo Mata con prolongaci\u00f3n de Xicot\u00e9ncatl, registra un avance del 78.72 por ciento en su edificaci\u00f3n, incluye las direcciones de Tecnolog\u00edas, An\u00e1lisis y Polic\u00eda Cibern\u00e9tica, entre otros.<\/p>\n\n\n\n<p>OTRAS OBRAS&nbsp;<\/p>\n\n\n\n<p>Adem\u00e1s, el gobernador de Oaxaca recorri\u00f3 diversas obras que se realizan en el municipio de Oaxaca de Ju\u00e1rez, entre las que destaca la Casa de Transici\u00f3n del Sistema DIF Oaxaca, la primera en su tipo en el pa\u00eds, en la cual se atender\u00e1 a mujeres adolescentes que se encuentran en acogimiento residencial.<\/p>\n\n\n\n<p>La construcci\u00f3n, que actualmente est\u00e1 al 89 por ciento; es financiada con recursos por 5.3 millones de pesos. El inmueble con capacidad para albergar a 10 j\u00f3venes, dispondr\u00e1 de habitaciones, 5 ba\u00f1os, cocina, comedor, lavander\u00eda, sala de estar, patio central y corredores; sobre una superficie de 297 metros cuadrados.<\/p>\n\n\n\n<p>Jara Cruz visit\u00f3, tambi\u00e9n, los trabajos que se realizan para la rehabilitaci\u00f3n integral de la calzada Valerio Trujano, la cual presenta un avance del 76 por ciento. En esta obra, en la que se emplean 77 millones 820 mil 320 pesos, se pavimentan con concreto 875.84 metros lineales, en la cual habr\u00e1 banquetas y se\u00f1alizaci\u00f3n preventiva y restrictiva.<\/p>\n\n\n\n<p>En otro punto, el gobernante oaxaque\u00f1o acudi\u00f3 a la zona donde se instala el Parque Lineal Riveras del \u201cAtoyac\u201d, sobre una superficie de 35 mil metros cuadrados. Ah\u00ed se contempla una trotapista y ciclov\u00eda, conexiones peatonales, \u00e1reas de recreaci\u00f3n, canchas de usos m\u00faltiples y gimnasio al aire libre.<\/p>\n\n\n\n<p>Este proyecto contar\u00e1 con la ampliaci\u00f3n a cuatro carriles de la carretera situada sobre los m\u00e1rgenes del r\u00edo \u201cAtoyac\u201d, que conecta al Aeropuerto Internacional con el Puente de la Ex Garita, en el municipio de Santa Cruz Xoxocotl\u00e1n.<\/p>\n\n\n\n<p>En una primera etapa, este camino ser\u00e1 modernizado en una longitud de 3.1 kil\u00f3metros de vialidad, en el cual se dispondr\u00e1 de banquetas, arbolado y ciclov\u00eda. Estos trabajos tienen, actualmente, un avance del 43 por ciento.<\/p>\n","protected":false},"excerpt":{"rendered":"<p>Redacci\u00f3n\/Zona Roja.&nbsp; Oaxaca, Oax., a 27 de octubre de 2025.- El gobernador Salom\u00f3n Jara Cruz&hellip;<\/p>\n","protected":false},"author":2,"featured_media":86240,"comment_status":"closed","ping_status":"open","sticky":false,"template":"","format":"standard","meta":{"_lmt_disableupdate":"","_lmt_disable":"","_jetpack_memberships_contains_paid_content":false,"footnotes":""},"categories":[109,46],"tags":[939],"class_list":["post-86239","post","type-post","status-publish","format-standard","has-post-thumbnail","hentry","category-minuto-a-minuto","category-zona-blanca","tag-salomon-jara-cruz"],"jetpack_featured_media_url":"https:\/\/zonaroja.com.mx\/wp-content\/uploads\/2025\/10\/Construccion-C5-Oaxaca.jpeg","jetpack_sharing_enabled":true,"_links":{"self":[{"href":"https:\/\/zonaroja.com.mx\/index.php?rest_route=\/wp\/v2\/posts\/86239","targetHints":{"allow":["GET"]}}],"collection":[{"href":"https:\/\/zonaroja.com.mx\/index.php?rest_route=\/wp\/v2\/posts"}],"about":[{"href":"https:\/\/zonaroja.com.mx\/index.php?rest_route=\/wp\/v2\/types\/post"}],"author":[{"embeddable":true,"href":"https:\/\/zonaroja.com.mx\/index.php?rest_route=\/wp\/v2\/users\/2"}],"replies":[{"embeddable":true,"href":"https:\/\/zonaroja.com.mx\/index.php?rest_route=%2Fwp%2Fv2%2Fcomments&post=86239"}],"version-history":[{"count":1,"href":"https:\/\/zonaroja.com.mx\/index.php?rest_route=\/wp\/v2\/posts\/86239\/revisions"}],"predecessor-version":[{"id":86241,"href":"https:\/\/zonaroja.com.mx\/index.php?rest_route=\/wp\/v2\/posts\/86239\/revisions\/86241"}],"wp:featuredmedia":[{"embeddable":true,"href":"https:\/\/zonaroja.com.mx\/index.php?rest_route=\/wp\/v2\/media\/86240"}],"wp:attachment":[{"href":"https:\/\/zonaroja.com.mx\/index.php?rest_route=%2Fwp%2Fv2%2Fmedia&parent=86239"}],"wp:term":[{"taxonomy":"category","embeddable":true,"href":"https:\/\/zonaroja.com.mx\/index.php?rest_route=%2Fwp%2Fv2%2Fcategories&post=86239"},{"taxonomy":"post_tag","embeddable":true,"href":"https:\/\/zonaroja.com.mx\/index.php?rest_route=%2Fwp%2Fv2%2Ftags&post=86239"}],"curies":[{"name":"wp","href":"https:\/\/api.w.org\/{rel}","templated":true}]}}