{"id":86245,"date":"2025-10-27T13:51:00","date_gmt":"2025-10-27T19:51:00","guid":{"rendered":"https:\/\/zonaroja.com.mx\/?p=86245"},"modified":"2025-10-27T09:52:56","modified_gmt":"2025-10-27T15:52:56","slug":"terrible-tras-quitarle-el-celular-adolescente-dispara-a-su-madre-en-polanco","status":"publish","type":"post","link":"https:\/\/zonaroja.com.mx\/?p=86245","title":{"rendered":"Terrible: Tras quitarle el celular, adolescente dispara a su madre en Polanco"},"content":{"rendered":"\n<p>Redacci\u00f3n\/Zona Roja Cdmx.<\/p>\n\n\n\n<p>(Informaci\u00f3n de \u201cEl Popular\u201d)<\/p>\n\n\n\n<p>Ciudad de M\u00e9xico, a 27 de octubre de 2025.- Un adolescente de 13 a\u00f1os dispar\u00f3 a su madre en el rostro en una vivienda de la colonia Polanco, Ciudad de M\u00e9xico, luego de que ella lo castigara quit\u00e1ndole su tel\u00e9fono celular. La mujer, identificada como Paula, fue trasladada a un hospital para recibir atenci\u00f3n m\u00e9dica.<\/p>\n\n\n\n<p>De acuerdo con la Secretar\u00eda de Seguridad Ciudadana, el menor utiliz\u00f3 un rev\u00f3lver Rossi Interarms calibre .38 special. El arma fue asegurada y el adolescente puesto a disposici\u00f3n de la Fiscal\u00eda capitalina, que aplicar\u00e1 el protocolo previsto en la Ley Nacional del Sistema Integral de Justicia Penal para Adolescentes.<\/p>\n\n\n\n<p>La investigaci\u00f3n preliminar se\u00f1ala que el ataque ocurri\u00f3 tras una discusi\u00f3n originada porque la madre reprendi\u00f3 al menor por ingerir bebidas alcoh\u00f3licas. Las autoridades analizan el origen del arma y la posible participaci\u00f3n de terceros en su adquisici\u00f3n o resguardo.<\/p>\n\n\n\n<p>En Puebla se han registrado hechos similares. En abril, en la comunidad de Atencingo, municipio de Chietla, un menor de 12 a\u00f1os fue se\u00f1alado como presunto responsable del homicidio de una joven de 23 a\u00f1os dentro de su domicilio. El caso permanece bajo investigaci\u00f3n de la Fiscal\u00eda estatal.<\/p>\n\n\n\n<p>Otro caso ocurri\u00f3 en 2024, cuando un adolescente fue vinculado a proceso por el asesinato de una mujer de origen argentino en la capital poblana. El menor, de 12 a\u00f1os, fue procesado bajo el mismo marco legal para adolescentes.<\/p>\n\n\n\n<p>Los tres casos han generado atenci\u00f3n p\u00fablica por el uso de armas de fuego y la implicaci\u00f3n de menores de edad en hechos violentos, mientras las fiscal\u00edas locales mantienen abiertas las investigaciones para determinar responsabilidades y sanciones correspondientes.<\/p>\n\n\n\n<p>Mira la informaci\u00f3n completa https:\/\/elpopular.mx\/secciones\/seguridad\/2025\/10\/26\/tras-quitarle-el-celular-adolescente-dispara-a-su-madre-en-polanco<\/p>\n","protected":false},"excerpt":{"rendered":"<p>Redacci\u00f3n\/Zona Roja Cdmx. (Informaci\u00f3n de \u201cEl Popular\u201d) Ciudad de M\u00e9xico, a 27 de octubre de&hellip;<\/p>\n","protected":false},"author":2,"featured_media":86246,"comment_status":"closed","ping_status":"open","sticky":false,"template":"","format":"standard","meta":{"_lmt_disableupdate":"","_lmt_disable":"","_jetpack_memberships_contains_paid_content":false,"footnotes":""},"categories":[109,47],"tags":[],"class_list":["post-86245","post","type-post","status-publish","format-standard","has-post-thumbnail","hentry","category-minuto-a-minuto","category-zona-gris"],"jetpack_featured_media_url":"https:\/\/zonaroja.com.mx\/wp-content\/uploads\/2025\/10\/Menor-con-arma-de-fuego.webp","jetpack_sharing_enabled":true,"_links":{"self":[{"href":"https:\/\/zonaroja.com.mx\/index.php?rest_route=\/wp\/v2\/posts\/86245","targetHints":{"allow":["GET"]}}],"collection":[{"href":"https:\/\/zonaroja.com.mx\/index.php?rest_route=\/wp\/v2\/posts"}],"about":[{"href":"https:\/\/zonaroja.com.mx\/index.php?rest_route=\/wp\/v2\/types\/post"}],"author":[{"embeddable":true,"href":"https:\/\/zonaroja.com.mx\/index.php?rest_route=\/wp\/v2\/users\/2"}],"replies":[{"embeddable":true,"href":"https:\/\/zonaroja.com.mx\/index.php?rest_route=%2Fwp%2Fv2%2Fcomments&post=86245"}],"version-history":[{"count":1,"href":"https:\/\/zonaroja.com.mx\/index.php?rest_route=\/wp\/v2\/posts\/86245\/revisions"}],"predecessor-version":[{"id":86247,"href":"https:\/\/zonaroja.com.mx\/index.php?rest_route=\/wp\/v2\/posts\/86245\/revisions\/86247"}],"wp:featuredmedia":[{"embeddable":true,"href":"https:\/\/zonaroja.com.mx\/index.php?rest_route=\/wp\/v2\/media\/86246"}],"wp:attachment":[{"href":"https:\/\/zonaroja.com.mx\/index.php?rest_route=%2Fwp%2Fv2%2Fmedia&parent=86245"}],"wp:term":[{"taxonomy":"category","embeddable":true,"href":"https:\/\/zonaroja.com.mx\/index.php?rest_route=%2Fwp%2Fv2%2Fcategories&post=86245"},{"taxonomy":"post_tag","embeddable":true,"href":"https:\/\/zonaroja.com.mx\/index.php?rest_route=%2Fwp%2Fv2%2Ftags&post=86245"}],"curies":[{"name":"wp","href":"https:\/\/api.w.org\/{rel}","templated":true}]}}