{"id":8625,"date":"2020-02-10T17:59:47","date_gmt":"2020-02-10T23:59:47","guid":{"rendered":"http:\/\/www.zonaroja.com.mx\/?p=8625"},"modified":"2020-02-10T17:59:49","modified_gmt":"2020-02-10T23:59:49","slug":"tiene-la-policia-estatal-nuevo-comisionado-eligen-a-policia-de-carrera","status":"publish","type":"post","link":"https:\/\/zonaroja.com.mx\/?p=8625","title":{"rendered":"Tiene la Polic\u00eda Estatal nuevo comisionado; eligen a polic\u00eda de carrera"},"content":{"rendered":"\n<p>Yuridiana Sosa\/Zona Roja.<\/p>\n\n\n\n<p>Oaxaca de Ju\u00e1rez, Oax., 10 de febrero\nde 2020.- A poco m\u00e1s de una semana de quedar ac\u00e9falo el cargo, este lunes, Francisco\nSantiago Jos\u00e9, rindi\u00f3 protesta como Comisionado de la Polic\u00eda Estatal.<\/p>\n\n\n\n<p>En un acto protocolario, el titular de\nla Secretar\u00eda de Seguridad P\u00fablica de Oaxaca (SSPO), Ra\u00fal Ernesto Salcedo, tom\u00f3\nla protesta de ley a quien cuenta con 36 a\u00f1os al servicio de la seguridad\np\u00fablica.<\/p>\n\n\n\n<p>Sus m\u00e1s recientes responsabilidades las\ncumpli\u00f3 como Jefe de Estado Mayor en la corporaci\u00f3n y como subdirector de\nProximidad Social de la Direcci\u00f3n de Seguridad P\u00fablica, Vialidad y Protecci\u00f3n\nCiudadana del Municipio de Oaxaca de Ju\u00e1rez, a partir del 2019.<\/p>\n\n\n\n<p>Santiago Jos\u00e9 lleg\u00f3 al puesto tras la\nrenuncia del comisario Ra\u00fal Antonio Castillejos Sol\u00eds, el pasado fin de semana,\nquien justific\u00f3 su decisi\u00f3n en causas de \u00edndole personal, as\u00ed como la SSPO\nreconoci\u00f3 su labor al frente de dicho cargo.<\/p>\n\n\n\n<p>Al a\u00fan estudiante de Derecho con\nAcentuaci\u00f3n en Investigaci\u00f3n y Docencia, como indica en su perfil profesional,\nha fungido en cargos como Inspector General en la Secretar\u00eda de Seguridad\nP\u00fablica del Estado de Oaxaca en el a\u00f1o 2013 y director de Seguridad Regional\ndel Estado de Oaxaca de la SSPO en el 2011.<\/p>\n\n\n\n<p>Adem\u00e1s, fue director General de la\nPolic\u00eda Auxiliar, Bancaria, Industrial y Comercial, en 2008; asesor del\nSecretario de Protecci\u00f3n Ciudadana. Secretar\u00eda de Protecci\u00f3n Ciudadana en 2007\ny director General de Seguridad P\u00fablica del Estado, en Secretar\u00eda de Protecci\u00f3n\nCiudadana en 2006.<\/p>\n\n\n\n<p>Asimismo como director de Seguridad\nP\u00fablica del Estado en el 2002 y en 1999 fue jefe Operativo en la Direcci\u00f3n de\nSeguridad P\u00fablica y Tr\u00e1nsito del Estado de Oaxaca.<\/p>\n\n\n\n<p>Por otra parte, tambi\u00e9n se dio a\nconocer que el capit\u00e1n Ricardo Nova Mayorquin, es el jefe de Estado Mayor de la\nPolic\u00eda Estatal de Oaxaca.<\/p>\n","protected":false},"excerpt":{"rendered":"<p>Yuridiana Sosa\/Zona Roja. Oaxaca de Ju\u00e1rez, Oax., 10 de febrero de 2020.- A poco m\u00e1s&hellip;<\/p>\n","protected":false},"author":2,"featured_media":8626,"comment_status":"closed","ping_status":"open","sticky":false,"template":"","format":"standard","meta":{"_lmt_disableupdate":"","_lmt_disable":"","_jetpack_memberships_contains_paid_content":false,"footnotes":""},"categories":[109,46],"tags":[1355,984,231],"class_list":["post-8625","post","type-post","status-publish","format-standard","has-post-thumbnail","hentry","category-minuto-a-minuto","category-zona-blanca","tag-francisco-santiago-jose","tag-policia-estatal-de-oaxaca","tag-raul-ernesto-salcedo-rosales"],"jetpack_featured_media_url":"https:\/\/zonaroja.com.mx\/wp-content\/uploads\/2020\/02\/Francisco-Santiago-Jos\u00e9.jpg","jetpack_sharing_enabled":true,"_links":{"self":[{"href":"https:\/\/zonaroja.com.mx\/index.php?rest_route=\/wp\/v2\/posts\/8625","targetHints":{"allow":["GET"]}}],"collection":[{"href":"https:\/\/zonaroja.com.mx\/index.php?rest_route=\/wp\/v2\/posts"}],"about":[{"href":"https:\/\/zonaroja.com.mx\/index.php?rest_route=\/wp\/v2\/types\/post"}],"author":[{"embeddable":true,"href":"https:\/\/zonaroja.com.mx\/index.php?rest_route=\/wp\/v2\/users\/2"}],"replies":[{"embeddable":true,"href":"https:\/\/zonaroja.com.mx\/index.php?rest_route=%2Fwp%2Fv2%2Fcomments&post=8625"}],"version-history":[{"count":1,"href":"https:\/\/zonaroja.com.mx\/index.php?rest_route=\/wp\/v2\/posts\/8625\/revisions"}],"predecessor-version":[{"id":8627,"href":"https:\/\/zonaroja.com.mx\/index.php?rest_route=\/wp\/v2\/posts\/8625\/revisions\/8627"}],"wp:featuredmedia":[{"embeddable":true,"href":"https:\/\/zonaroja.com.mx\/index.php?rest_route=\/wp\/v2\/media\/8626"}],"wp:attachment":[{"href":"https:\/\/zonaroja.com.mx\/index.php?rest_route=%2Fwp%2Fv2%2Fmedia&parent=8625"}],"wp:term":[{"taxonomy":"category","embeddable":true,"href":"https:\/\/zonaroja.com.mx\/index.php?rest_route=%2Fwp%2Fv2%2Fcategories&post=8625"},{"taxonomy":"post_tag","embeddable":true,"href":"https:\/\/zonaroja.com.mx\/index.php?rest_route=%2Fwp%2Fv2%2Ftags&post=8625"}],"curies":[{"name":"wp","href":"https:\/\/api.w.org\/{rel}","templated":true}]}}