{"id":86250,"date":"2025-10-27T13:44:26","date_gmt":"2025-10-27T19:44:26","guid":{"rendered":"https:\/\/zonaroja.com.mx\/?p=86250"},"modified":"2025-10-27T13:44:26","modified_gmt":"2025-10-27T19:44:26","slug":"ejecutan-a-balazos-a-dirigente-de-la-organizacion-catem-en-salina-cruz","status":"publish","type":"post","link":"https:\/\/zonaroja.com.mx\/?p=86250","title":{"rendered":"Ejecutan a balazos a dirigente de la organizaci\u00f3n CATEM en Salina Cruz&nbsp;"},"content":{"rendered":"\n<p>Raymundo Morales\/Zona Roja.&nbsp;<\/p>\n\n\n\n<p>Oaxaca, Oax., a 27 de octubre de 2025.- El secretario General de la Confederaci\u00f3n Aut\u00f3noma de Trabajadores de M\u00e9xico (CATEM), No\u00e9 P. U., fue asesinado a balazos la ma\u00f1ana de este lunes en el municipio de Salinas Cruz.&nbsp;<\/p>\n\n\n\n<p>El l\u00edder de transportistas y empleados sal\u00eda de una reuni\u00f3n en el centro comercial Plaza Pabell\u00f3n y se dispon\u00eda a abordar su camioneta, marca JAC, de color blanca, cuando fue atacado a balazos.<\/p>\n\n\n\n<p>Pese a que es una zona de alta afluencia de personas, no hab\u00eda polic\u00edas que pudieran impedir o efectuar la persecuci\u00f3n del o de los delincuentes; s\u00f3lo despu\u00e9s de los hechos arribaron elementos municipales, estatales y de la Secretar\u00eda de Marina.&nbsp;<\/p>\n\n\n\n<p class=\"MsoNormal\">En un comunicado, la Fiscal\u00eda General del Estado de Oaxaca (FGEO) dio a conocer que inici\u00f3 las investigaciones correspondientes respecto a la agresi\u00f3n en que una persona perdi\u00f3 la vida, v\u00edctima identificada como N.P.U. (l\u00edder sindical), hechos ocurridos en Salina Cruz, en el Istmo de Tehuantepec.&nbsp;<\/p>\n\n\n\n<p class=\"MsoNormal\">\u201cDerivado de estos hechos, la Fiscal\u00eda de Oaxaca despleg\u00f3 a un equipo multidisciplinario a trav\u00e9s de la Vicefiscal\u00eda Regional del Istmo, para llevar a cabo las primeras indagatorias para definir las l\u00edneas de investigaci\u00f3n y establecer la teor\u00eda del caso.&nbsp;<\/p>\n\n\n\n<p class=\"MsoNormal\">\u201cAdem\u00e1s, que la FGEO realiza trabajos coordinados con autoridades de los tres niveles de gobierno que permitan presentar ante la justicia a quien o quienes resulten responsables de este delito.&nbsp;<\/p>\n\n\n\n<p class=\"MsoNormal\">\u201cLa Fiscal\u00eda de Oaxaca est\u00e1 comprometida con investigaciones integrales con enfoque cient\u00edfico que permitan brindar resultados efectivos en materia de procuraci\u00f3n de justicia a las v\u00edctimas directas e indirectas, especialmente en casos de delitos de alto impacto\u201d, difundi\u00f3.&nbsp;<\/p>\n\n\n\n<p><\/p>\n","protected":false},"excerpt":{"rendered":"<p>Raymundo Morales\/Zona Roja.&nbsp; Oaxaca, Oax., a 27 de octubre de 2025.- El secretario General de&hellip;<\/p>\n","protected":false},"author":2,"featured_media":86249,"comment_status":"closed","ping_status":"open","sticky":false,"template":"","format":"standard","meta":{"_lmt_disableupdate":"","_lmt_disable":"","_jetpack_memberships_contains_paid_content":false,"footnotes":""},"categories":[109,51],"tags":[4053],"class_list":["post-86250","post","type-post","status-publish","format-standard","has-post-thumbnail","hentry","category-minuto-a-minuto","category-zona-roja","tag-asesinato-salina-cruz"],"jetpack_featured_media_url":"https:\/\/zonaroja.com.mx\/wp-content\/uploads\/2025\/10\/f452c58a-67f8-478e-b428-e642a6f43fa2.jpg","jetpack_sharing_enabled":true,"_links":{"self":[{"href":"https:\/\/zonaroja.com.mx\/index.php?rest_route=\/wp\/v2\/posts\/86250","targetHints":{"allow":["GET"]}}],"collection":[{"href":"https:\/\/zonaroja.com.mx\/index.php?rest_route=\/wp\/v2\/posts"}],"about":[{"href":"https:\/\/zonaroja.com.mx\/index.php?rest_route=\/wp\/v2\/types\/post"}],"author":[{"embeddable":true,"href":"https:\/\/zonaroja.com.mx\/index.php?rest_route=\/wp\/v2\/users\/2"}],"replies":[{"embeddable":true,"href":"https:\/\/zonaroja.com.mx\/index.php?rest_route=%2Fwp%2Fv2%2Fcomments&post=86250"}],"version-history":[{"count":1,"href":"https:\/\/zonaroja.com.mx\/index.php?rest_route=\/wp\/v2\/posts\/86250\/revisions"}],"predecessor-version":[{"id":86251,"href":"https:\/\/zonaroja.com.mx\/index.php?rest_route=\/wp\/v2\/posts\/86250\/revisions\/86251"}],"wp:featuredmedia":[{"embeddable":true,"href":"https:\/\/zonaroja.com.mx\/index.php?rest_route=\/wp\/v2\/media\/86249"}],"wp:attachment":[{"href":"https:\/\/zonaroja.com.mx\/index.php?rest_route=%2Fwp%2Fv2%2Fmedia&parent=86250"}],"wp:term":[{"taxonomy":"category","embeddable":true,"href":"https:\/\/zonaroja.com.mx\/index.php?rest_route=%2Fwp%2Fv2%2Fcategories&post=86250"},{"taxonomy":"post_tag","embeddable":true,"href":"https:\/\/zonaroja.com.mx\/index.php?rest_route=%2Fwp%2Fv2%2Ftags&post=86250"}],"curies":[{"name":"wp","href":"https:\/\/api.w.org\/{rel}","templated":true}]}}