{"id":86255,"date":"2025-10-27T18:55:00","date_gmt":"2025-10-28T00:55:00","guid":{"rendered":"https:\/\/zonaroja.com.mx\/?p=86255"},"modified":"2025-10-27T18:55:03","modified_gmt":"2025-10-28T00:55:03","slug":"condena-seccion-22-detencion-arbitraria-del-defensor-tras-exigencias-es-liberado","status":"publish","type":"post","link":"https:\/\/zonaroja.com.mx\/?p=86255","title":{"rendered":"Condena Secci\u00f3n 22 detenci\u00f3n arbitraria del defensor; tras exigencias, es liberado\u00a0"},"content":{"rendered":"\n<p>Lisbeth Mej\u00eda Reyes\/Zona Roja.<\/p>\n\n\n\n<p>Oaxaca, Oax., a 27 de octubre de 2025.- La Secci\u00f3n 22 del Sindicato Nacional de Trabajadores de la Educaci\u00f3n (SNTE) conden\u00f3 este domingo la detenci\u00f3n del defensor de derechos humanos Alan Pi\u00f1\u00f3n Gonz\u00e1lez, quien fue privado de su libertad el pasado 25 de octubre y fue liberado este fin de semana.<\/p>\n\n\n\n<p>A trav\u00e9s de un pronunciamiento, la gremial, que tambi\u00e9n est\u00e1 adherida a la Coordinadora Nacional de la Educaci\u00f3n (CNTE), se\u00f1al\u00f3 que Pi\u00f1\u00f3n Gonz\u00e1lez fue detenido de manera arbitraria, con abusos e irregularidades.&nbsp;<\/p>\n\n\n\n<p>Sin embargo, se logr\u00f3 su libertad tras la exigencia de \u00abfamiliares, amigos, organizaciones y colectivos solidarios que no dejaron de acompa\u00f1ar y exigir su libertad\u00bb.<\/p>\n\n\n\n<p>La Secci\u00f3n 22 del SNTE-CNTE record\u00f3 que \u00abEdwin Alan Pi\u00f1\u00f3n Gonz\u00e1lez es un reconocido defensor de derechos humanos con una trayectoria comprometida con las causas del pueblo. Form\u00f3 parte del \u2018Comit\u00e9 25 de Noviembre\u2019, surgido durante el conflicto social de 2006 en Oaxaca, desde donde particip\u00f3 activamente en la lucha por la liberaci\u00f3n de los presos pol\u00edticos y la denuncia de los abusos del Estado\u00bb.<\/p>\n\n\n\n<p>Actualmente, dijo, el abogado se desempe\u00f1a en el Grupo de Acci\u00f3n por los Derechos Humanos y la Justicia Social, organizaci\u00f3n dedicada a la defensa de los derechos de las mujeres v\u00edctimas de violencia de g\u00e9nero.<\/p>\n\n\n\n<p>Este domingo, esta \u00faltima organizaci\u00f3n report\u00f3 la liberaci\u00f3n del abogado y de la ciudadana Maricarmen V.<\/p>\n\n\n\n<p>Junto a una fotograf\u00eda de ambos, compartida en la p\u00e1gina de Facebook de la organizaci\u00f3n, esta agradeci\u00f3 \u00aba todas las compa\u00f1eras y compa\u00f1eros que no dejaron de acompa\u00f1ar, exigir y dar seguimiento a la denuncia por su injusta detenci\u00f3n\u00bb, pues esto fue clave para conseguir su libertad.<\/p>\n\n\n\n<p>Previamente, el Grupo de Acci\u00f3n por los Derechos Humanos y la Justicia Social explic\u00f3 que fue el 25 de octubre, a las 10:30 horas de la noche, cuando el abogado fue detenido injustamente \u00abmientras acompa\u00f1aba a una v\u00edctima de violencia grave que buscaba apoyo frente a un conflicto con una vecina\u00bb.<\/p>\n\n\n\n<p>La organizaci\u00f3n report\u00f3 que el actuar de la polic\u00eda fue sin apego \u00aba los protocolos, usando la fuerza y argumentando falsamente resistencia de particulares\u201d.&nbsp;<\/p>\n\n\n\n<p>El defensor fue trasladado a la agencia de Cuauht\u00e9moc 1 (Ciudad de M\u00e9xico), \u00aben donde fue puesto a disposici\u00f3n hasta pasada la medianoche\u00bb y donde se le pretendi\u00f3 \u00abimponer un defensor p\u00fablico y sus datos no fueron ingresados en el Registro Nacional de Detenciones\u00bb detalla la organizaci\u00f3n\u00bb.<\/p>\n","protected":false},"excerpt":{"rendered":"<p>Lisbeth Mej\u00eda Reyes\/Zona Roja. Oaxaca, Oax., a 27 de octubre de 2025.- La Secci\u00f3n 22&hellip;<\/p>\n","protected":false},"author":2,"featured_media":86256,"comment_status":"closed","ping_status":"open","sticky":false,"template":"","format":"standard","meta":{"_lmt_disableupdate":"","_lmt_disable":"","_jetpack_memberships_contains_paid_content":false,"footnotes":""},"categories":[109,47],"tags":[4499],"class_list":["post-86255","post","type-post","status-publish","format-standard","has-post-thumbnail","hentry","category-minuto-a-minuto","category-zona-gris","tag-alan-pinon-gonzalez"],"jetpack_featured_media_url":"https:\/\/zonaroja.com.mx\/wp-content\/uploads\/2025\/10\/Alan-Pinon-Gonzalez.jpg","jetpack_sharing_enabled":true,"_links":{"self":[{"href":"https:\/\/zonaroja.com.mx\/index.php?rest_route=\/wp\/v2\/posts\/86255","targetHints":{"allow":["GET"]}}],"collection":[{"href":"https:\/\/zonaroja.com.mx\/index.php?rest_route=\/wp\/v2\/posts"}],"about":[{"href":"https:\/\/zonaroja.com.mx\/index.php?rest_route=\/wp\/v2\/types\/post"}],"author":[{"embeddable":true,"href":"https:\/\/zonaroja.com.mx\/index.php?rest_route=\/wp\/v2\/users\/2"}],"replies":[{"embeddable":true,"href":"https:\/\/zonaroja.com.mx\/index.php?rest_route=%2Fwp%2Fv2%2Fcomments&post=86255"}],"version-history":[{"count":1,"href":"https:\/\/zonaroja.com.mx\/index.php?rest_route=\/wp\/v2\/posts\/86255\/revisions"}],"predecessor-version":[{"id":86257,"href":"https:\/\/zonaroja.com.mx\/index.php?rest_route=\/wp\/v2\/posts\/86255\/revisions\/86257"}],"wp:featuredmedia":[{"embeddable":true,"href":"https:\/\/zonaroja.com.mx\/index.php?rest_route=\/wp\/v2\/media\/86256"}],"wp:attachment":[{"href":"https:\/\/zonaroja.com.mx\/index.php?rest_route=%2Fwp%2Fv2%2Fmedia&parent=86255"}],"wp:term":[{"taxonomy":"category","embeddable":true,"href":"https:\/\/zonaroja.com.mx\/index.php?rest_route=%2Fwp%2Fv2%2Fcategories&post=86255"},{"taxonomy":"post_tag","embeddable":true,"href":"https:\/\/zonaroja.com.mx\/index.php?rest_route=%2Fwp%2Fv2%2Ftags&post=86255"}],"curies":[{"name":"wp","href":"https:\/\/api.w.org\/{rel}","templated":true}]}}