{"id":86258,"date":"2025-10-27T19:04:27","date_gmt":"2025-10-28T01:04:27","guid":{"rendered":"https:\/\/zonaroja.com.mx\/?p=86258"},"modified":"2025-10-27T19:04:30","modified_gmt":"2025-10-28T01:04:30","slug":"cuales-son-las-actividades-por-dia-de-muertos-en-la-ciudad-de-oaxaca","status":"publish","type":"post","link":"https:\/\/zonaroja.com.mx\/?p=86258","title":{"rendered":"\u00bfCu\u00e1les son las actividades por D\u00eda de Muertos en la ciudad de Oaxaca?"},"content":{"rendered":"\n<p>Redacci\u00f3n\/Zona Roja.<\/p>\n\n\n\n<p>Oaxaca, Oax., a 27 de octubre de 2025.\u2013 El ayuntamiento de Ju\u00e1rez invita a conocer la cartelera cultural de D\u00eda de Muertos 2025, una de las festividades m\u00e1s emblem\u00e1ticas de la capital, que rinde homenaje a la vida y la memoria a trav\u00e9s del arte, la m\u00fasica y la tradici\u00f3n.&nbsp;<\/p>\n\n\n\n<p>Con el lema \u201cOaxaca Ciudad Limpia y Segura, Eternamente Viva\u201d, el gobierno municipal encabezado por el presidente Ray Chagoya invita a vecinas, vecinos y visitantes a disfrutar de un programa que llenar\u00e1 de color, cultura y energ\u00eda los espacios p\u00fablicos.<\/p>\n\n\n\n<p>Del 28 de octubre al 1 de noviembre, la ciudad se convertir\u00e1 en escenario de comparsas, exposiciones, conciertos y espect\u00e1culos que celebran la identidad oaxaque\u00f1a.&nbsp;<\/p>\n\n\n\n<p>Destacan la apertura del Sendero del Cempas\u00fachil en la calzada de la Rep\u00fablica y la magna comparsa \u201cVida y Alma de Oaxaca\u201d, que recorrer\u00e1 el Centro Hist\u00f3rico hasta el Pante\u00f3n General.&nbsp;<\/p>\n\n\n\n<p>Este \u00faltimo espacio cobrar\u00e1 vida con la iluminaci\u00f3n de sus pasillos, el video mapping \u201cLa Musa\u201d y presentaciones musicales a cargo de bandas filarm\u00f3nicas de Yaxe, Xochimilco y Cuil\u00e1pam de Guerrero.<\/p>\n\n\n\n<p>Como parte de esta conmemoraci\u00f3n, el jard\u00edn \u201cEl Pa\u00f1uelito\u201d se transformar\u00e1 en un Jard\u00edn de Cultura y Tradici\u00f3n con talleres de elaboraci\u00f3n de calaveritas, catrinas, resplandores, est\u00e9ncil y linograf\u00eda, adem\u00e1s de presentaciones esc\u00e9nicas que muestran el talento oaxaque\u00f1o.&nbsp;<\/p>\n\n\n\n<p>Entre ellas destacan los espect\u00e1culos \u201cFandango con la Muerte\u201d, \u201cEl Danz\u00f3n de la Eternidad\u201d y \u201cLa Ofrenda de los Abuelos Huehuentones\u201d, as\u00ed como el desfile conmemorativo de las Chinas Oaxaque\u00f1as de Do\u00f1a Genoveva Medina y el espect\u00e1culo danc\u00edstico \u201cEntre la Vida y la Muerte\u201d.<\/p>\n\n\n\n<p>El ayuntamiento, a trav\u00e9s de las Secretar\u00edas de Turismo y de Cultura, Educaci\u00f3n y Fomento a la Lectura, en coordinaci\u00f3n con las \u00e1reas de Ciudad Limpia, Seguridad Vecinal y Protecci\u00f3n Civil, garantiza espacios ordenados, seguros y en condiciones \u00f3ptimas para el disfrute de residentes y visitantes.&nbsp;<\/p>\n\n\n\n<p>Estas acciones reflejan el compromiso de la administraci\u00f3n municipal con la promoci\u00f3n de la cultura, el turismo responsable y la preservaci\u00f3n de las tradiciones que hacen \u00fanica a Oaxaca.<\/p>\n","protected":false},"excerpt":{"rendered":"<p>Redacci\u00f3n\/Zona Roja. Oaxaca, Oax., a 27 de octubre de 2025.\u2013 El ayuntamiento de Ju\u00e1rez invita&hellip;<\/p>\n","protected":false},"author":2,"featured_media":86259,"comment_status":"closed","ping_status":"open","sticky":false,"template":"","format":"standard","meta":{"_lmt_disableupdate":"","_lmt_disable":"","_jetpack_memberships_contains_paid_content":false,"footnotes":""},"categories":[109,46],"tags":[148],"class_list":["post-86258","post","type-post","status-publish","format-standard","has-post-thumbnail","hentry","category-minuto-a-minuto","category-zona-blanca","tag-oaxaca-de-juarez"],"jetpack_featured_media_url":"https:\/\/zonaroja.com.mx\/wp-content\/uploads\/2025\/10\/Zocalo-ciudad-de-Oaxaca-Dia-de-Muertos.jpg","jetpack_sharing_enabled":true,"_links":{"self":[{"href":"https:\/\/zonaroja.com.mx\/index.php?rest_route=\/wp\/v2\/posts\/86258","targetHints":{"allow":["GET"]}}],"collection":[{"href":"https:\/\/zonaroja.com.mx\/index.php?rest_route=\/wp\/v2\/posts"}],"about":[{"href":"https:\/\/zonaroja.com.mx\/index.php?rest_route=\/wp\/v2\/types\/post"}],"author":[{"embeddable":true,"href":"https:\/\/zonaroja.com.mx\/index.php?rest_route=\/wp\/v2\/users\/2"}],"replies":[{"embeddable":true,"href":"https:\/\/zonaroja.com.mx\/index.php?rest_route=%2Fwp%2Fv2%2Fcomments&post=86258"}],"version-history":[{"count":1,"href":"https:\/\/zonaroja.com.mx\/index.php?rest_route=\/wp\/v2\/posts\/86258\/revisions"}],"predecessor-version":[{"id":86260,"href":"https:\/\/zonaroja.com.mx\/index.php?rest_route=\/wp\/v2\/posts\/86258\/revisions\/86260"}],"wp:featuredmedia":[{"embeddable":true,"href":"https:\/\/zonaroja.com.mx\/index.php?rest_route=\/wp\/v2\/media\/86259"}],"wp:attachment":[{"href":"https:\/\/zonaroja.com.mx\/index.php?rest_route=%2Fwp%2Fv2%2Fmedia&parent=86258"}],"wp:term":[{"taxonomy":"category","embeddable":true,"href":"https:\/\/zonaroja.com.mx\/index.php?rest_route=%2Fwp%2Fv2%2Fcategories&post=86258"},{"taxonomy":"post_tag","embeddable":true,"href":"https:\/\/zonaroja.com.mx\/index.php?rest_route=%2Fwp%2Fv2%2Ftags&post=86258"}],"curies":[{"name":"wp","href":"https:\/\/api.w.org\/{rel}","templated":true}]}}