{"id":86261,"date":"2025-10-27T21:19:11","date_gmt":"2025-10-28T03:19:11","guid":{"rendered":"https:\/\/zonaroja.com.mx\/?p=86261"},"modified":"2025-10-27T21:19:13","modified_gmt":"2025-10-28T03:19:13","slug":"individuo-ataco-con-un-machete-a-una-mujer-en-pochutla-ya-fue-detenido","status":"publish","type":"post","link":"https:\/\/zonaroja.com.mx\/?p=86261","title":{"rendered":"Individuo atac\u00f3 con un machete a una mujer en Pochutla; ya fue detenido"},"content":{"rendered":"\n<p>Redacci\u00f3n\/Zona Roja.&nbsp;<\/p>\n\n\n\n<p>Oaxaca, Oax., a 27 de octubre de 2025.- La Fiscal\u00eda General del Estado de Oaxaca (FGEO) ejecut\u00f3 una orden de aprehensi\u00f3n en contra de una persona del sexo masculino identificada como N.L.S., por el delito de lesiones calificadas, cometidos en agravio de una mujer (su t\u00eda) ocurrida en la regi\u00f3n de la Costa.<\/p>\n\n\n\n<p>De acuerdo con el expediente penal del caso, los hechos ocurrieron el 24 de junio de 2025 cuando la v\u00edctima se encontraba en un domicilio de la poblaci\u00f3n de la Lagunilla perteneciente a San Pedro Pochutla donde fue atacada con un arma corto-contundente (machete).<\/p>\n\n\n\n<p>La investigaci\u00f3n detalla, que el agresor hab\u00eda ingresado de manera ilegal al domicilio de la v\u00edctima y, al ser descubierto la atac\u00f3 con el machete caus\u00e1ndole una fuerte herida para posteriormente huir del lugar.<\/p>\n\n\n\n<p>Derivado de la denuncia, la FGEO inici\u00f3 las investigaciones correspondientes a trav\u00e9s de la Vicefiscal\u00eda Regional de la Costa que permitieron obtener una orden de aprehensi\u00f3n contra N.L.S.,&nbsp; por el delito de lesiones calificadas.<\/p>\n\n\n\n<p>Una vez localizado, N.L.S., fue detenido por elementos de la Agencia Estatal de Investigaciones (AEI) para posteriormente ser puesto a disposici\u00f3n de la autoridad correspondiente para determinar su situaci\u00f3n jur\u00eddica.<\/p>\n\n\n\n<p>POR VIOLACI\u00d3N<\/p>\n\n\n\n<p>En otro caso, la Fiscal\u00eda General obtuvo vinculaci\u00f3n a proceso y prisi\u00f3n preventiva en contra de un hombre identificado como R.T.V., imputado por el delito de violaci\u00f3n equiparada, ocurrida en la regi\u00f3n Mixteca.<\/p>\n\n\n\n<p>El expediente penal del caso, detalla que el delito ocurri\u00f3 los d\u00edas 18, 19 y 21 de mayo de 2025, cuando la v\u00edctima (una adolescente, cuya identidad est\u00e1 reservada por ley) fue agredida sexualmente en diversas locaciones del municipio de San Juan Bautista Coixtlahuaca.<\/p>\n\n\n\n<p>De acuerdo con la investigaci\u00f3n ministerial, la primera agresi\u00f3n se suscit\u00f3 en el paraje El Manzanal, posteriormente el imputado continu\u00f3 con este delito en el paraje el Calicanto y paraje Boca de Perro de San Jer\u00f3nimo Otla y, finalmente el tercer ataque ocurri\u00f3 en el cuarto de un hotel ubicado en la calle Reforma de la colonia Centro del municipio de San Juan Bautista Coixtlahuaca.<\/p>\n\n\n\n<p>Al tener conocimiento de los hechos, derivado de la denuncia, la FGEO inici\u00f3 las investigaciones correspondientes a trav\u00e9s de la Vicefiscal\u00eda Regional de la Mixteca, reuniendo las pruebas necesarias que permitieron obtener una orden de aprehensi\u00f3n y posteriormente la detenci\u00f3n de R.T.V., la cual fue ejecutada por elementos de la Agencia Estatal de Investigaciones (AEI) quienes lo prestaron ante la autoridad competente para su certificaci\u00f3n m\u00e9dica y posteriormente ante el Juez de control para su imputaci\u00f3n.<\/p>\n\n\n\n<p>El hoy imputado, derivado de la evaluaci\u00f3n de los datos de prueba aportados por la FGEO, el Juez de la causa le dict\u00f3 auto de vinculaci\u00f3n a proceso imputado el delito de violaci\u00f3n equiparada e impuso la medida cautelar de prisi\u00f3n preventiva oficiosa, otorgando un plazo de dos meses para el cierre de la investigaci\u00f3n complementaria.<\/p>\n\n\n\n<p>POR SECUESTRO<\/p>\n\n\n\n<p>Por otra parte, la Fiscal\u00eda General del Estado aprehendi\u00f3 y solicit\u00f3 vinculaci\u00f3n a proceso en contra de una persona del sexo masculino identificado como E.S.G., por el delito de secuestro cometido en el valle de Tlacolula.<\/p>\n\n\n\n<p>De acuerdo con la causa penal, los hechos ocurrieron el 31 de marzo de 2021, cuando un grupo de personas armadas, entre los que se encontraba el imputado, priv\u00f3 de la libertad a la v\u00edctima, cuando se encontraba junto con su hijo quien padece autismo en grado tres, en inmediaciones de la Unidad Deportiva de la comunidad de Rojas de Cuauht\u00e9moc, ubicada en el valle de Tlacolula.<\/p>\n\n\n\n<p>La investigaci\u00f3n revela que la v\u00edctima fue trasladada a bordo de un veh\u00edculo de motor a un domicilio propiedad de un familiar ubicado dentro de la misma poblaci\u00f3n, donde lo obligaron a entrar para que consiguiera dinero en efectivo y, al no conseguirlo, nuevamente obligaron a comunicarse con otro familiar para exigir dinero en efectivo a cambio de su liberaci\u00f3n.<\/p>\n\n\n\n<p>Una vez que la FGEO tom\u00f3 conocimiento del caso derivado de la denuncia interpuesta, inici\u00f3 las investigaciones correspondientes a trav\u00e9s de la Vicefiscal\u00eda Regional de Valles Centrales, logrando obtener una orden de aprehensi\u00f3n en contra de E.S.G., por el delito de secuestro.&nbsp;<\/p>\n\n\n\n<p>Una vez detenido, E.S.G. fue presentado ante el Juez de control quien se bas\u00f3 en las pruebas obtenidas por la FGEO para calificar como legal la detenci\u00f3n y comunicar la imputaci\u00f3n, por lo que el Ministerio P\u00fablico hizo la solicitud de la vinculaci\u00f3n a proceso.<\/p>\n","protected":false},"excerpt":{"rendered":"<p>Redacci\u00f3n\/Zona Roja.&nbsp; Oaxaca, Oax., a 27 de octubre de 2025.- La Fiscal\u00eda General del Estado&hellip;<\/p>\n","protected":false},"author":2,"featured_media":86262,"comment_status":"closed","ping_status":"open","sticky":false,"template":"","format":"standard","meta":{"_lmt_disableupdate":"","_lmt_disable":"","_jetpack_memberships_contains_paid_content":false,"footnotes":""},"categories":[109,46],"tags":[494],"class_list":["post-86261","post","type-post","status-publish","format-standard","has-post-thumbnail","hentry","category-minuto-a-minuto","category-zona-blanca","tag-fiscalia-general-del-estado-de-oaxaca"],"jetpack_featured_media_url":"https:\/\/zonaroja.com.mx\/wp-content\/uploads\/2025\/10\/Detenido-por-agredir-a-su-tia-en-Pochutla-Fiscalia.jpeg","jetpack_sharing_enabled":true,"_links":{"self":[{"href":"https:\/\/zonaroja.com.mx\/index.php?rest_route=\/wp\/v2\/posts\/86261","targetHints":{"allow":["GET"]}}],"collection":[{"href":"https:\/\/zonaroja.com.mx\/index.php?rest_route=\/wp\/v2\/posts"}],"about":[{"href":"https:\/\/zonaroja.com.mx\/index.php?rest_route=\/wp\/v2\/types\/post"}],"author":[{"embeddable":true,"href":"https:\/\/zonaroja.com.mx\/index.php?rest_route=\/wp\/v2\/users\/2"}],"replies":[{"embeddable":true,"href":"https:\/\/zonaroja.com.mx\/index.php?rest_route=%2Fwp%2Fv2%2Fcomments&post=86261"}],"version-history":[{"count":1,"href":"https:\/\/zonaroja.com.mx\/index.php?rest_route=\/wp\/v2\/posts\/86261\/revisions"}],"predecessor-version":[{"id":86263,"href":"https:\/\/zonaroja.com.mx\/index.php?rest_route=\/wp\/v2\/posts\/86261\/revisions\/86263"}],"wp:featuredmedia":[{"embeddable":true,"href":"https:\/\/zonaroja.com.mx\/index.php?rest_route=\/wp\/v2\/media\/86262"}],"wp:attachment":[{"href":"https:\/\/zonaroja.com.mx\/index.php?rest_route=%2Fwp%2Fv2%2Fmedia&parent=86261"}],"wp:term":[{"taxonomy":"category","embeddable":true,"href":"https:\/\/zonaroja.com.mx\/index.php?rest_route=%2Fwp%2Fv2%2Fcategories&post=86261"},{"taxonomy":"post_tag","embeddable":true,"href":"https:\/\/zonaroja.com.mx\/index.php?rest_route=%2Fwp%2Fv2%2Ftags&post=86261"}],"curies":[{"name":"wp","href":"https:\/\/api.w.org\/{rel}","templated":true}]}}