{"id":86265,"date":"2025-10-28T07:15:00","date_gmt":"2025-10-28T13:15:00","guid":{"rendered":"https:\/\/zonaroja.com.mx\/?p=86265"},"modified":"2025-10-28T06:58:11","modified_gmt":"2025-10-28T12:58:11","slug":"otra-vez-juchitan-ahora-ejecutan-a-balazos-a-un-taxista","status":"publish","type":"post","link":"https:\/\/zonaroja.com.mx\/?p=86265","title":{"rendered":"Otra vez Juchit\u00e1n: ahora ejecutan a balazos a un taxista"},"content":{"rendered":"\n<p>Raymundo Morales\/Zona Roja. Foto: ADN Sureste.<\/p>\n\n\n\n<p>Oaxaca, Oax., a 28 de octubre de 2025.- Cuarenta y ocho horas despu\u00e9s de que asesinaran a un mototaxista y calcinaran su cuerpo junto con la unidad de motor, anoche en Juchit\u00e1n de Zaragoza fue ejecutado un taxista.<\/p>\n\n\n\n<p>Poco despu\u00e9s de las 22:00 horas se recibi\u00f3 el reporte de la agresi\u00f3n armada, ocurrida en la calle \u00c1lvaro Obreg\u00f3n de la Segunda Secci\u00f3n; al llegar las corporaciones policiacas, hallaron un taxi del sitio \u201c5 de Septiembre\u201d, con n\u00famero econ\u00f3mico TX-003 con un cuerpo en su interior.<\/p>\n\n\n\n<p>Tras la llegada de param\u00e9dicos, corroboraban que ya no contaba con signos vitales y de manera preliminar se inform\u00f3 que la v\u00edctima identificada como Fernando F. M. presentaba m\u00faltiples impactos de bala.&nbsp;<\/p>\n\n\n\n<p>Hasta el momento se desconoce el m\u00f3vil del ataque as\u00ed como la identidad de los agresores, investigaciones que contin\u00faa la Vicefiscal\u00eda Regional del Istmo, dependiente de la Fiscal\u00eda General del Estado de Oaxaca.<\/p>\n\n\n\n<p>Apenas el s\u00e1bado por la noche, un motaxista fue ejecutado a balazos y su cuerpo descuartizado fue calcinado junto con su unidad de motor; en este caso tambi\u00e9n a\u00fan no se cuenta con mayores datos de los autores del atroz crimen.<\/p>\n\n\n\n<p>M\u00c1S VIOLENCIA<\/p>\n\n\n\n<p>En tanto, tambi\u00e9n ayer lunes, en el municipio de Salina Cruz fue ultimado a balazos el dirigente de la organizaci\u00f3n sindical CATEM, No\u00e9 P. U., cuyo cuerpo qued\u00f3 en su veh\u00edculo estacionado en la plaza comercial Plaza Pabell\u00f3n; hasta el momento no hay personas detenidas por este caso.<\/p>\n\n\n\n<p>Asimismo, en dicha ciudad y puerto se registraron al menos dos asaltos violentos, uno de ellos en una sucursal del banco HSBC y otro en la tienda Coppel de la colonia Aviaci\u00f3n; tampoco hay reporte de detenciones.<\/p>\n\n\n\n<p>Mientras que en la comunidad Constituci\u00f3n Mexicana, del municipio de San Juan Mazatl\u00e1n Mixe, la noche del domingo fue asesinado un comerciante.<\/p>\n\n\n\n<p>La v\u00edctima fue identificada como Mauricio L., cuyo cuerpo se hall\u00f3 a un costado de la carretera local, con varios impactos de arma de fuego.<\/p>\n","protected":false},"excerpt":{"rendered":"<p>Raymundo Morales\/Zona Roja. Foto: ADN Sureste. Oaxaca, Oax., a 28 de octubre de 2025.- Cuarenta&hellip;<\/p>\n","protected":false},"author":2,"featured_media":86266,"comment_status":"closed","ping_status":"open","sticky":false,"template":"","format":"standard","meta":{"_lmt_disableupdate":"","_lmt_disable":"","_jetpack_memberships_contains_paid_content":false,"footnotes":""},"categories":[109,51],"tags":[297],"class_list":["post-86265","post","type-post","status-publish","format-standard","has-post-thumbnail","hentry","category-minuto-a-minuto","category-zona-roja","tag-ejecutado-juchitan"],"jetpack_featured_media_url":"https:\/\/zonaroja.com.mx\/wp-content\/uploads\/2025\/10\/Taxista-ejecutado-Juchitan-Oaxaca.jpeg","jetpack_sharing_enabled":true,"_links":{"self":[{"href":"https:\/\/zonaroja.com.mx\/index.php?rest_route=\/wp\/v2\/posts\/86265","targetHints":{"allow":["GET"]}}],"collection":[{"href":"https:\/\/zonaroja.com.mx\/index.php?rest_route=\/wp\/v2\/posts"}],"about":[{"href":"https:\/\/zonaroja.com.mx\/index.php?rest_route=\/wp\/v2\/types\/post"}],"author":[{"embeddable":true,"href":"https:\/\/zonaroja.com.mx\/index.php?rest_route=\/wp\/v2\/users\/2"}],"replies":[{"embeddable":true,"href":"https:\/\/zonaroja.com.mx\/index.php?rest_route=%2Fwp%2Fv2%2Fcomments&post=86265"}],"version-history":[{"count":1,"href":"https:\/\/zonaroja.com.mx\/index.php?rest_route=\/wp\/v2\/posts\/86265\/revisions"}],"predecessor-version":[{"id":86267,"href":"https:\/\/zonaroja.com.mx\/index.php?rest_route=\/wp\/v2\/posts\/86265\/revisions\/86267"}],"wp:featuredmedia":[{"embeddable":true,"href":"https:\/\/zonaroja.com.mx\/index.php?rest_route=\/wp\/v2\/media\/86266"}],"wp:attachment":[{"href":"https:\/\/zonaroja.com.mx\/index.php?rest_route=%2Fwp%2Fv2%2Fmedia&parent=86265"}],"wp:term":[{"taxonomy":"category","embeddable":true,"href":"https:\/\/zonaroja.com.mx\/index.php?rest_route=%2Fwp%2Fv2%2Fcategories&post=86265"},{"taxonomy":"post_tag","embeddable":true,"href":"https:\/\/zonaroja.com.mx\/index.php?rest_route=%2Fwp%2Fv2%2Ftags&post=86265"}],"curies":[{"name":"wp","href":"https:\/\/api.w.org\/{rel}","templated":true}]}}