{"id":86268,"date":"2025-10-28T08:15:00","date_gmt":"2025-10-28T14:15:00","guid":{"rendered":"https:\/\/zonaroja.com.mx\/?p=86268"},"modified":"2025-10-28T07:03:18","modified_gmt":"2025-10-28T13:03:18","slug":"listos-los-panteones-de-xoxocotlan-para-velada-por-dia-de-muertos","status":"publish","type":"post","link":"https:\/\/zonaroja.com.mx\/?p=86268","title":{"rendered":"Listos los panteones de Xoxocotl\u00e1n para velada por D\u00eda de Muertos"},"content":{"rendered":"\n<p>Redacci\u00f3n\/Zona Roja.<\/p>\n\n\n\n<p>Oaxaca, Oax., a 28 de octubre de 2025.- El municipio de Santa Cruz Xoxocotl\u00e1n convoc\u00f3 a propios y visitantes a la velada en los principales panteones, en el marco de la conmemoraci\u00f3n por el D\u00eda de Muertos. &nbsp;<\/p>\n\n\n\n<p>Desde el atardecer del 31 de octubre, los panteones San Sebasti\u00e1n M\u00e1rtir, Mictlanc\u00edhuatl y Monte Alb\u00e1n se transforman. Las familias llegan con flores de cempas\u00fachil, velas, copal y el amor intacto por quienes se han adelantado.<\/p>\n\n\n\n<p>Poco a poco, las tumbas se encienden como constelaciones sobre la tierra. La Velada es el reencuentro amoroso entre vivos y muertos.<\/p>\n\n\n\n<p>Entre rezos, cantos, comida t\u00edpica y el murmullo de historias compartidas, los camposantos laten como si tuvieran coraz\u00f3n. Familias enteras participan con respeto, pero tambi\u00e9n con alegr\u00eda, porque en Xoxocotl\u00e1n la muerte no se llora: se acompa\u00f1a.<\/p>\n\n\n\n<p>En los pasillos, se escucha m\u00fasica, se comparten tamales, chocolate, mezcal y pan de yema. Las familias se sientan junto a sus difuntos, sabiendo que en esta noche la vida y la muerte caminan juntas.<\/p>\n\n\n\n<p>La Velada no es solo una ofrenda; es identidad, resistencia y amor transmitido de generaci\u00f3n en generaci\u00f3n. Es la certeza de que, mientras haya luz, flor y memoria, ning\u00fan ser querido desaparece del todo.<\/p>\n\n\n\n<p>Este 31 de octubre, Xoxocotl\u00e1n te espera con el alma abierta a partir de las 18:00 horas para vivir la magia de la Velada de los Fieles Difuntos 2025.<\/p>\n","protected":false},"excerpt":{"rendered":"<p>Redacci\u00f3n\/Zona Roja. Oaxaca, Oax., a 28 de octubre de 2025.- El municipio de Santa Cruz&hellip;<\/p>\n","protected":false},"author":2,"featured_media":86269,"comment_status":"closed","ping_status":"open","sticky":false,"template":"","format":"standard","meta":{"_lmt_disableupdate":"","_lmt_disable":"","_jetpack_memberships_contains_paid_content":false,"footnotes":""},"categories":[109,46],"tags":[133],"class_list":["post-86268","post","type-post","status-publish","format-standard","has-post-thumbnail","hentry","category-minuto-a-minuto","category-zona-blanca","tag-santa-cruz-xoxocotlan"],"jetpack_featured_media_url":"https:\/\/zonaroja.com.mx\/wp-content\/uploads\/2025\/10\/Vive-la-Magia-de-la-Velada-de-los-Fieles-Difuntos-en-Xoxocotlan-2.jpg","jetpack_sharing_enabled":true,"_links":{"self":[{"href":"https:\/\/zonaroja.com.mx\/index.php?rest_route=\/wp\/v2\/posts\/86268","targetHints":{"allow":["GET"]}}],"collection":[{"href":"https:\/\/zonaroja.com.mx\/index.php?rest_route=\/wp\/v2\/posts"}],"about":[{"href":"https:\/\/zonaroja.com.mx\/index.php?rest_route=\/wp\/v2\/types\/post"}],"author":[{"embeddable":true,"href":"https:\/\/zonaroja.com.mx\/index.php?rest_route=\/wp\/v2\/users\/2"}],"replies":[{"embeddable":true,"href":"https:\/\/zonaroja.com.mx\/index.php?rest_route=%2Fwp%2Fv2%2Fcomments&post=86268"}],"version-history":[{"count":1,"href":"https:\/\/zonaroja.com.mx\/index.php?rest_route=\/wp\/v2\/posts\/86268\/revisions"}],"predecessor-version":[{"id":86270,"href":"https:\/\/zonaroja.com.mx\/index.php?rest_route=\/wp\/v2\/posts\/86268\/revisions\/86270"}],"wp:featuredmedia":[{"embeddable":true,"href":"https:\/\/zonaroja.com.mx\/index.php?rest_route=\/wp\/v2\/media\/86269"}],"wp:attachment":[{"href":"https:\/\/zonaroja.com.mx\/index.php?rest_route=%2Fwp%2Fv2%2Fmedia&parent=86268"}],"wp:term":[{"taxonomy":"category","embeddable":true,"href":"https:\/\/zonaroja.com.mx\/index.php?rest_route=%2Fwp%2Fv2%2Fcategories&post=86268"},{"taxonomy":"post_tag","embeddable":true,"href":"https:\/\/zonaroja.com.mx\/index.php?rest_route=%2Fwp%2Fv2%2Ftags&post=86268"}],"curies":[{"name":"wp","href":"https:\/\/api.w.org\/{rel}","templated":true}]}}