{"id":86271,"date":"2025-10-28T09:14:00","date_gmt":"2025-10-28T15:14:00","guid":{"rendered":"https:\/\/zonaroja.com.mx\/?p=86271"},"modified":"2025-10-28T07:27:49","modified_gmt":"2025-10-28T13:27:49","slug":"gobiernos-de-gabino-cue-y-alejandro-murat-aun-no-comprueban-27-mil-mdp","status":"publish","type":"post","link":"https:\/\/zonaroja.com.mx\/?p=86271","title":{"rendered":"Gobiernos de Gabino Cu\u00e9 y Alejandro Murat a\u00fan no comprueban 27 mil mdp"},"content":{"rendered":"\n<p>Raymundo Morales\/Zona Roja.<\/p>\n\n\n\n<p>Oaxaca, Oax., a 28 de octubre de 2025.- Mientras que la administraci\u00f3n que presidi\u00f3 Gabino Cu\u00e9 Monteagudo no ha aclarado a la Auditor\u00eda Superior de la Federaci\u00f3n el uso de 12 mil 571 millones de pesos, en el sexenio de Alejandro Murat Hinojosa no se han solventado 14 mil 520 millones de pesos.<\/p>\n\n\n\n<p>Los datos los proporcion\u00f3 este lunes titular de la Secretar\u00eda de Honestidad, Transparencia y Funci\u00f3n P\u00fablica, Leticia Reyes L\u00f3pez, durante la conferencia de prensa que presidi\u00f3 el gobernador Salom\u00f3n Jara Cruz, en el Centro Cultural y de Convenciones de Oaxaca.<\/p>\n\n\n\n<p>Por esos hechos irregulares, el gobierno actual ha inhabilitado a 16 exservidores p\u00fablicos y un contratista, quienes suman 147 a\u00f1os en los cuales no podr\u00e1n ser contratados por el Estado. Adem\u00e1s, 44 millones 822 mil pesos han sido sancionados, detall\u00f3.<\/p>\n\n\n\n<p>Sin embargo, hasta el momento se desconoce si los sancionados son funcionarios de primer nivel o mandos de confianza; tampoco se precisa de qu\u00e9 dependencias estatales formaban parte.<\/p>\n\n\n\n<p>En el sexenio de Jara Cruz, en la segunda etapa auditada de 2024, el monto muestra fue de 62 mil 584 millones 693 mil 390.23 pesos, del cual fue observado 55 millones 771 mil 96.09 pesos, es decir, solo el 0.08 por ciento.<\/p>\n\n\n\n<p>Esto ha demostrado a la Auditor\u00eda Superior de la Federaci\u00f3n (ASF) un manejo honesto, eficiente y dentro de la normativa de los recursos p\u00fablicos que se han ejercido desde 2023, puntualiz\u00f3 el mandatario estatal.<\/p>\n\n\n\n<p>\u201cNuestro gobierno ha sido y seguir\u00e1 cumpliendo con uno de sus principios rectores: ser abierto, transparente, honesto y eficiente\u201d, puntualiz\u00f3 Salom\u00f3n Jara Cruz.<\/p>\n\n\n\n<p>Del monto observado, la secretaria de Honestidad precis\u00f3 que en Salud se aclaran gastos del Fondo de Aportaciones de Servicios de Salud (FASSA) y en el Fondo de Aportaciones para la N\u00f3mina Educativa y Gasto Operativo (FONE), respecto a personal que tiene dos plazas y pagos adelantados a personas que fallecieron.<\/p>\n\n\n\n<p>Asimismo, est\u00e1n en proceso las autorizaciones requeridas al Colegio de Bachilleres del Estado de Oaxaca (Cobao), el Colegio de Estudios Cient\u00edficos y Tecnol\u00f3gicos (Cecyte) y el Instituto de Capacitaci\u00f3n y Productividad para el Trabajo (Icapet).<\/p>\n\n\n\n<p>En cuanto a los pozos que est\u00e1n en construcci\u00f3n, una vez que se concluyan, se ingresar\u00e1n al Registro P\u00fablico como lo exige el Programa de Agua Potable, Drenaje y Tratamiento (Proagua) de la Comisi\u00f3n Nacional del Agua.<\/p>\n\n\n\n<p>Destac\u00f3 que en el ejercicio 2023 la muestra auditada fue de 91.16 por ciento y solo el 0.31 por ciento fue observado; y en 2024, del 96.09 por ciento del presupuesto revisado, solo el 0.12 por ciento fue observado.<\/p>\n\n\n\n<p>ANUNCIAN INVERSI\u00d3N<\/p>\n\n\n\n<p>En otro acto, el gobernador Salom\u00f3n Jara Cruz coloc\u00f3 la primera piedra de lo que ser\u00e1 el centro comercial y de entretenimiento \u201cParque Oaxaca\u201d, un moderno espacio que transformar\u00e1 la capital del estado en un polo de desarrollo, inversi\u00f3n y bienestar para las y los oaxaque\u00f1os y en el que se ejercer\u00e1 una inversi\u00f3n de 6 mil millones de pesos.<\/p>\n\n\n\n<p>Ante el presidente del Consejo de Administraci\u00f3n de Fibra Danhos, David Daniel Kabbaz Chiver, uno de los fideicomisos inmobiliarios m\u00e1s importantes del pa\u00eds, el mandatario estatal expuso que este espacio representa una nueva visi\u00f3n de desarrollo donde conjugan la inversi\u00f3n y el empleo, pero tambi\u00e9n inclusi\u00f3n, seguridad, identidad, bienestar y nuevas oportunidades de desarrollo.&nbsp;<\/p>\n\n\n\n<p>Este nuevo centro comercial se construir\u00e1 en un predio de 40 mil metros cuadrados, en el emblem\u00e1tico sitio que alberg\u00f3 al hotel \u201cMisi\u00f3n de los \u00c1ngeles\u201d, entre la Carretera Internacional, la calzada Porfirio D\u00edaz y las calles Nezahualc\u00f3yotl y Eucaliptos. Se crear\u00e1 un complejo moderno, sostenible y plenamente integrado al entorno urbano.<\/p>\n\n\n\n<p>Con la derrama econ\u00f3mica de seis mil millones de pesos se generar\u00e1n tres mil empleos anuales en la construcci\u00f3n y cuatro mil permanentes, lo que representa importantes posibilidades para el desarrollo de la poblaci\u00f3n.<\/p>\n","protected":false},"excerpt":{"rendered":"<p>Raymundo Morales\/Zona Roja. Oaxaca, Oax., a 28 de octubre de 2025.- Mientras que la administraci\u00f3n&hellip;<\/p>\n","protected":false},"author":2,"featured_media":73459,"comment_status":"closed","ping_status":"open","sticky":false,"template":"","format":"standard","meta":{"_lmt_disableupdate":"","_lmt_disable":"","_jetpack_memberships_contains_paid_content":false,"footnotes":""},"categories":[109,46],"tags":[939],"class_list":["post-86271","post","type-post","status-publish","format-standard","has-post-thumbnail","hentry","category-minuto-a-minuto","category-zona-blanca","tag-salomon-jara-cruz"],"jetpack_featured_media_url":"https:\/\/zonaroja.com.mx\/wp-content\/uploads\/2024\/10\/Palacio-de-Gobierno-de-Oaxaca.jpg","jetpack_sharing_enabled":true,"_links":{"self":[{"href":"https:\/\/zonaroja.com.mx\/index.php?rest_route=\/wp\/v2\/posts\/86271","targetHints":{"allow":["GET"]}}],"collection":[{"href":"https:\/\/zonaroja.com.mx\/index.php?rest_route=\/wp\/v2\/posts"}],"about":[{"href":"https:\/\/zonaroja.com.mx\/index.php?rest_route=\/wp\/v2\/types\/post"}],"author":[{"embeddable":true,"href":"https:\/\/zonaroja.com.mx\/index.php?rest_route=\/wp\/v2\/users\/2"}],"replies":[{"embeddable":true,"href":"https:\/\/zonaroja.com.mx\/index.php?rest_route=%2Fwp%2Fv2%2Fcomments&post=86271"}],"version-history":[{"count":1,"href":"https:\/\/zonaroja.com.mx\/index.php?rest_route=\/wp\/v2\/posts\/86271\/revisions"}],"predecessor-version":[{"id":86272,"href":"https:\/\/zonaroja.com.mx\/index.php?rest_route=\/wp\/v2\/posts\/86271\/revisions\/86272"}],"wp:featuredmedia":[{"embeddable":true,"href":"https:\/\/zonaroja.com.mx\/index.php?rest_route=\/wp\/v2\/media\/73459"}],"wp:attachment":[{"href":"https:\/\/zonaroja.com.mx\/index.php?rest_route=%2Fwp%2Fv2%2Fmedia&parent=86271"}],"wp:term":[{"taxonomy":"category","embeddable":true,"href":"https:\/\/zonaroja.com.mx\/index.php?rest_route=%2Fwp%2Fv2%2Fcategories&post=86271"},{"taxonomy":"post_tag","embeddable":true,"href":"https:\/\/zonaroja.com.mx\/index.php?rest_route=%2Fwp%2Fv2%2Ftags&post=86271"}],"curies":[{"name":"wp","href":"https:\/\/api.w.org\/{rel}","templated":true}]}}