{"id":86273,"date":"2025-10-28T10:34:00","date_gmt":"2025-10-28T16:34:00","guid":{"rendered":"https:\/\/zonaroja.com.mx\/?p=86273"},"modified":"2025-10-28T08:00:35","modified_gmt":"2025-10-28T14:00:35","slug":"otra-de-la-4t-alcaldesa-de-acapulco-presume-collar-de-227-mil-pesos","status":"publish","type":"post","link":"https:\/\/zonaroja.com.mx\/?p=86273","title":{"rendered":"Otra de la 4T: alcaldesa de Acapulco presume collar de 227 mil pesos"},"content":{"rendered":"\n<p>Redacci\u00f3n\/Zona Roja Cdmx.<\/p>\n\n\n\n<p>(Informaci\u00f3n de Pol\u00edtico.Mx)<\/p>\n\n\n\n<p>Ciudad de M\u00e9xico, a 28 de octubre de 2025.- La presidenta municipal de Acapulco, Abelina L\u00f3pez Rodr\u00edguez, gener\u00f3 controversia al justificar el origen de un collar que, seg\u00fan se report\u00f3 en redes sociales, ser\u00eda de la marca Van Cleef &amp; Arpels por un costo superior a los 200 mil pesos.<\/p>\n\n\n\n<p>Al ser cuestionada sobre la procedencia de la joya, la alcaldesa emanada de Morena dio a conocer que fue un obsequio que recibi\u00f3 del \u201cpueblo que la ama\u201d.<\/p>\n\n\n\n<p>\u201cYo \u00bfqu\u00e9 culpa tengo que haya un pueblo que me ame y que me regale cosas?, me lo regalaron y \u00bfles voy a decir, \u2018no te lo acepto\u2019? Yo agradezco su amor y su cari\u00f1o del pueblo\u201d, se\u00f1al\u00f3 Abelina L\u00f3pez.<\/p>\n\n\n\n<p>La pol\u00e9mica se intensific\u00f3 despu\u00e9s de que se difundieran im\u00e1genes de la alcaldesa portando la pieza, presuntamente un modelo de la colecci\u00f3n Vintage Alhambra, valuada en 227 mil pesos.<\/p>\n\n\n\n<p>El valor estimado del collar ha sido un foco de indignaci\u00f3n para un sector de la poblaci\u00f3n, que reclama mayor sensibilidad y austeridad por parte de sus representantes.<\/p>\n\n\n\n<p>Especialmente, mientras miles de familias en Acapulco a\u00fan enfrentan dificultades tras desastres naturales que han azotado al puerto en los \u00faltimos a\u00f1os, durante su administraci\u00f3n.<\/p>\n\n\n\n<p>MUCHAS CONTROVERSIAS<\/p>\n\n\n\n<p>Abelina L\u00f3pez Rodr\u00edguez ha sido protagonista de diversas controversias durante su gesti\u00f3n municipal desde 2021.<\/p>\n\n\n\n<p>Tras el paso del hurac\u00e1n Otis, en 2023, que devast\u00f3 Acapulco, L\u00f3pez justific\u00f3 los saqueos a comercios como una forma de \u201ccohesi\u00f3n social\u201d en lugar de robo, lo que gener\u00f3 cr\u00edticas masivas por minimizar actos delictivos en un contexto de crisis humanitaria.<\/p>\n\n\n\n<p>Adem\u00e1s, apareci\u00f3 en video dos d\u00edas despu\u00e9s del impacto y pidi\u00f3 a los damnificados limpiar calles sin ayuda inmediata, diferenci\u00e1ndose de cifras oficiales de muertes y desaparecidos.<\/p>\n\n\n\n<p>La Auditor\u00eda Superior del Estado de Guerrero investiga a L\u00f3pez Rodr\u00edguez por el presunto mal uso de 898 millones de pesos federales destinados a obras p\u00fablicas en 2023, sin comprobantes adecuados, especialmente tras el hurac\u00e1n Otis.<\/p>\n\n\n\n<p>Ha obtenido suspensiones judiciales de la SCJN para evitar acciones legales, pero un juzgado federal le neg\u00f3 una suspensi\u00f3n definitiva, intensificando acusaciones de opacidad y posible desfalco.<\/p>\n","protected":false},"excerpt":{"rendered":"<p>Redacci\u00f3n\/Zona Roja Cdmx. (Informaci\u00f3n de Pol\u00edtico.Mx) Ciudad de M\u00e9xico, a 28 de octubre de 2025.-&hellip;<\/p>\n","protected":false},"author":2,"featured_media":86274,"comment_status":"closed","ping_status":"open","sticky":false,"template":"","format":"standard","meta":{"_lmt_disableupdate":"","_lmt_disable":"","_jetpack_memberships_contains_paid_content":false,"footnotes":""},"categories":[109,47],"tags":[4370],"class_list":["post-86273","post","type-post","status-publish","format-standard","has-post-thumbnail","hentry","category-minuto-a-minuto","category-zona-gris","tag-abelina-lopez-rodriguez"],"jetpack_featured_media_url":"https:\/\/zonaroja.com.mx\/wp-content\/uploads\/2025\/10\/Collar-Abelina-Lopez.jpeg","jetpack_sharing_enabled":true,"_links":{"self":[{"href":"https:\/\/zonaroja.com.mx\/index.php?rest_route=\/wp\/v2\/posts\/86273","targetHints":{"allow":["GET"]}}],"collection":[{"href":"https:\/\/zonaroja.com.mx\/index.php?rest_route=\/wp\/v2\/posts"}],"about":[{"href":"https:\/\/zonaroja.com.mx\/index.php?rest_route=\/wp\/v2\/types\/post"}],"author":[{"embeddable":true,"href":"https:\/\/zonaroja.com.mx\/index.php?rest_route=\/wp\/v2\/users\/2"}],"replies":[{"embeddable":true,"href":"https:\/\/zonaroja.com.mx\/index.php?rest_route=%2Fwp%2Fv2%2Fcomments&post=86273"}],"version-history":[{"count":1,"href":"https:\/\/zonaroja.com.mx\/index.php?rest_route=\/wp\/v2\/posts\/86273\/revisions"}],"predecessor-version":[{"id":86275,"href":"https:\/\/zonaroja.com.mx\/index.php?rest_route=\/wp\/v2\/posts\/86273\/revisions\/86275"}],"wp:featuredmedia":[{"embeddable":true,"href":"https:\/\/zonaroja.com.mx\/index.php?rest_route=\/wp\/v2\/media\/86274"}],"wp:attachment":[{"href":"https:\/\/zonaroja.com.mx\/index.php?rest_route=%2Fwp%2Fv2%2Fmedia&parent=86273"}],"wp:term":[{"taxonomy":"category","embeddable":true,"href":"https:\/\/zonaroja.com.mx\/index.php?rest_route=%2Fwp%2Fv2%2Fcategories&post=86273"},{"taxonomy":"post_tag","embeddable":true,"href":"https:\/\/zonaroja.com.mx\/index.php?rest_route=%2Fwp%2Fv2%2Ftags&post=86273"}],"curies":[{"name":"wp","href":"https:\/\/api.w.org\/{rel}","templated":true}]}}