{"id":86276,"date":"2025-10-28T11:25:00","date_gmt":"2025-10-28T17:25:00","guid":{"rendered":"https:\/\/zonaroja.com.mx\/?p=86276"},"modified":"2025-10-28T08:11:56","modified_gmt":"2025-10-28T14:11:56","slug":"premian-a-ganadores-del-concurso-de-decoracion-de-fachadas-por-muertos","status":"publish","type":"post","link":"https:\/\/zonaroja.com.mx\/?p=86276","title":{"rendered":"Premian a ganadores del Concurso de Decoraci\u00f3n de Fachadas por Muertos"},"content":{"rendered":"\n<p>Redacci\u00f3n\/Zona Roja.<\/p>\n\n\n\n<p>Oaxaca, Oax., a 28 de octubre de 2025.- En el marco del D\u00eda de Muertos, La Fiesta m\u00e1s Viva de Todas, la Secretar\u00eda de Turismo (Sectur Oaxaca) entreg\u00f3 los tres primeros lugares del Concurso de Decoraci\u00f3n de Fachadas 2025, en el que participaron 23 establecimientos del Centro Hist\u00f3rico de la capital del estado.<\/p>\n\n\n\n<p>El primer lugar fue otorgado a Casa de las Artesan\u00edas Oaxaca, que recibi\u00f3 un est\u00edmulo de 30 mil pesos; el segundo correspondi\u00f3 a Expendio Tradici\u00f3n, acreedor de 20 mil pesos; y el tercero fue para el Hotel Na\u2019ura Centro, que obtuvo 10 mil pesos.<\/p>\n\n\n\n<p>La titular de la dependencia, Saymi Pineda Velasco felicit\u00f3 a las y los participantes por su entusiasmo y compromiso para conservar la belleza del Centro Hist\u00f3rico, uno de los destinos tur\u00edsticos m\u00e1s emblem\u00e1ticos del pa\u00eds.<\/p>\n\n\n\n<p>\u201cEl D\u00eda de Muertos no es una despedida, es un reencuentro lleno de color, m\u00fasica y amor por quienes siguen vivos en nuestro recuerdo. Las fachadas del Centro Hist\u00f3rico se transformaron en lienzos de identidad y orgullo, mostrando el respeto por las ra\u00edces, el compromiso por embellecer la zona y el cuidado del patrimonio arquitect\u00f3nico\u201d, destac\u00f3 la funcionaria.<\/p>\n\n\n\n<p>En representaci\u00f3n del establecimiento ganador del primer lugar, \u00d3scar V\u00e1squez D\u00edaz explic\u00f3 que este premio es resultado del trabajo de 59 familias de diferentes comunidades del estado.<\/p>\n\n\n\n<p>La evaluaci\u00f3n se realiz\u00f3 bajo los siguientes rubros: el respeto a la integridad de la fachada, seguridad y adecuaci\u00f3n del montaje, representaci\u00f3n fiel de la tem\u00e1tica del D\u00eda de Muertos, el uso de materiales y t\u00e9cnicas tradicionales, creatividad y originalidad de la propuesta y armon\u00eda est\u00e9tica en su composici\u00f3n.<\/p>\n\n\n\n<p>TAPETE MONUMENTAL&nbsp;<\/p>\n\n\n\n<p>Un caudal de colores y s\u00edmbolos recorre el coraz\u00f3n del Barrio M\u00e1gico de Jalatlaco con el tapete monumental \u201cEl r\u00edo que se hizo camino\u201d, creaci\u00f3n del artista oaxaque\u00f1o Fernando \u201cBeta\u201d, inaugurado por la Secretar\u00eda de Turismo (Sectur Oaxaca).<\/p>\n\n\n\n<p>La titular de la dependencia, Saymi Pineda Velasco encabez\u00f3 la apertura de esta pieza que podr\u00e1 apreciarse hasta el 3 de noviembre en el atrio del Templo de San Mat\u00edas Jalatlaco.<\/p>\n\n\n\n<p>El tapete de 250 metros cuadrados, elaborado con arena y pigmentos naturales, forma parte de las actividades preparadas para la celebraci\u00f3n del D\u00eda de Muertos, La Fiesta m\u00e1s Viva de Todas.<\/p>\n\n\n\n<p>Al respecto, la funcionaria estatal destac\u00f3 que esta muestra propone una met\u00e1fora visual del r\u00edo que hist\u00f3ricamente separaba al Barrio de Jalatlaco del centro de la ciudad capital, y que con el paso del tiempo se transform\u00f3 en la Calzada de la Rep\u00fablica.<\/p>\n","protected":false},"excerpt":{"rendered":"<p>Redacci\u00f3n\/Zona Roja. Oaxaca, Oax., a 28 de octubre de 2025.- En el marco del D\u00eda&hellip;<\/p>\n","protected":false},"author":2,"featured_media":86277,"comment_status":"closed","ping_status":"open","sticky":false,"template":"","format":"standard","meta":{"_lmt_disableupdate":"","_lmt_disable":"","_jetpack_memberships_contains_paid_content":false,"footnotes":""},"categories":[109,46],"tags":[1031],"class_list":["post-86276","post","type-post","status-publish","format-standard","has-post-thumbnail","hentry","category-minuto-a-minuto","category-zona-blanca","tag-secretaria-de-turismo-oaxaca"],"jetpack_featured_media_url":"https:\/\/zonaroja.com.mx\/wp-content\/uploads\/2025\/10\/Premia-Sectur-Oaxaca-a-ganadores-del-Concurso-de-Decoracion-de-Fachadas-2025-6.jpeg","jetpack_sharing_enabled":true,"_links":{"self":[{"href":"https:\/\/zonaroja.com.mx\/index.php?rest_route=\/wp\/v2\/posts\/86276","targetHints":{"allow":["GET"]}}],"collection":[{"href":"https:\/\/zonaroja.com.mx\/index.php?rest_route=\/wp\/v2\/posts"}],"about":[{"href":"https:\/\/zonaroja.com.mx\/index.php?rest_route=\/wp\/v2\/types\/post"}],"author":[{"embeddable":true,"href":"https:\/\/zonaroja.com.mx\/index.php?rest_route=\/wp\/v2\/users\/2"}],"replies":[{"embeddable":true,"href":"https:\/\/zonaroja.com.mx\/index.php?rest_route=%2Fwp%2Fv2%2Fcomments&post=86276"}],"version-history":[{"count":1,"href":"https:\/\/zonaroja.com.mx\/index.php?rest_route=\/wp\/v2\/posts\/86276\/revisions"}],"predecessor-version":[{"id":86278,"href":"https:\/\/zonaroja.com.mx\/index.php?rest_route=\/wp\/v2\/posts\/86276\/revisions\/86278"}],"wp:featuredmedia":[{"embeddable":true,"href":"https:\/\/zonaroja.com.mx\/index.php?rest_route=\/wp\/v2\/media\/86277"}],"wp:attachment":[{"href":"https:\/\/zonaroja.com.mx\/index.php?rest_route=%2Fwp%2Fv2%2Fmedia&parent=86276"}],"wp:term":[{"taxonomy":"category","embeddable":true,"href":"https:\/\/zonaroja.com.mx\/index.php?rest_route=%2Fwp%2Fv2%2Fcategories&post=86276"},{"taxonomy":"post_tag","embeddable":true,"href":"https:\/\/zonaroja.com.mx\/index.php?rest_route=%2Fwp%2Fv2%2Ftags&post=86276"}],"curies":[{"name":"wp","href":"https:\/\/api.w.org\/{rel}","templated":true}]}}