{"id":8628,"date":"2020-02-10T19:55:20","date_gmt":"2020-02-11T01:55:20","guid":{"rendered":"http:\/\/www.zonaroja.com.mx\/?p=8628"},"modified":"2020-02-10T19:55:23","modified_gmt":"2020-02-11T01:55:23","slug":"denuncian-levanton-tortura-y-amenazas-de-muerte-de-parte-de-edil-de-matias-romero","status":"publish","type":"post","link":"https:\/\/zonaroja.com.mx\/?p=8628","title":{"rendered":"Denuncian \u201clevant\u00f3n\u201d, tortura y amenazas de muerte de parte de edil de Mat\u00edas Romero"},"content":{"rendered":"\n<p>Yuridiana Sosa\/Zona Roja.<\/p>\n\n\n\n<p>Oaxaca de Ju\u00e1rez, Oax., 10 de febrero de 2020.-\u00a0 El presidente municipal de Mat\u00edas Romero de Avenda\u00f1o, Alfredo Ju\u00e1rez D\u00edaz, fue denunciado p\u00fablicamente de enviar a secuestrar y golpear a la regidora de hacienda, Zeida Paola Zamudio Tobilla por detectar, presuntamente, el mal uso de siete millones de pesos del recurso p\u00fablico.<\/p>\n\n\n\n<p>Respaldado por integrantes del Cabildo,\nemano del Partido Morena, el presidente del sistema municipal para el\nDesarrollo Integral de la Familia (DIF), Edgar Fern\u00e1ndez de Lara Tobilla &#8211;primo\nde la regidora&#8211;, se\u00f1al\u00f3 que d\u00edas antes recibi\u00f3 una llamada del hijo del\npresidente, Alfredo Ju\u00e1rez Constantito, en la que advert\u00eda el hecho.<\/p>\n\n\n\n<p>La regidora fue \u201clevantada\u201d la ma\u00f1ana\nde este domingo 9 de febrero y localizada con vida cerca de las 22:00 horas en\nel municipio de Juchit\u00e1n de Zaragoza, maniatada y con m\u00faltiples lesiones que\nrecibi\u00f3 de parte de sus agresores.<\/p>\n\n\n\n<p>La amenaza contra la funcionaria se justific\u00f3 en que el edil se encontraba \u201cemperrado\u201d, porque supuestamente Zamudio Tobilla impidi\u00f3 &#8211;con argumentos&#8211;que el cabildo aprobara la cuenta p\u00fablica del 2019, donde se detect\u00f3 el faltante del recurso.<\/p>\n\n\n\n<figure class=\"wp-block-embed-twitter wp-block-embed is-type-rich is-provider-twitter\"><div class=\"wp-block-embed__wrapper\">\n<div class=\"twitter-tweet\"><blockquote class=\"twitter-tweet\" data-lang=\"es\"><p lang=\"es\" dir=\"ltr\"><a href=\"https:\/\/twitter.com\/hashtag\/OaxacaGris?src=hash&amp;ref_src=twsrc%5Etfw\">#OaxacaGris<\/a><br>Integrantes del Cabildo y otras autoridades del ayuntamiento de Mat\u00edas Romero Avenda\u00f1o, Oaxaca, acusaron al edil morenista Alfredo Ju\u00e1rez y a su hijo Alfredo Ju\u00e1rez Constantino, de secuestro y amenazas de muerte. <a href=\"https:\/\/t.co\/ycl8EhdMLQ\">pic.twitter.com\/ycl8EhdMLQ<\/a><\/p>&mdash; Zona Roja Oaxaca (@MexRoja) <a href=\"https:\/\/twitter.com\/MexRoja\/status\/1227029298982334466?ref_src=twsrc%5Etfw\">11 de febrero de 2020<\/a><\/blockquote><\/div>\n<\/div><\/figure>\n\n\n\n<p>\u201cO controlas a tu prima o le voy a dar \u2018levant\u00f3n\u2019,\no la voy a mandar a matar\u201d, sentenci\u00f3 en la llamada telef\u00f3nica el hijo del edil\nregistrado el pasado jueves 6 de febrero, asever\u00f3 el presidente del DIF de\nMat\u00edas Romero. Pues \u00e9l la recomend\u00f3, agreg\u00f3.<\/p>\n\n\n\n<p>El funcionario municipal pidi\u00f3 la\nintervenci\u00f3n inmediata del gobernador Alejandro Murat Hinojosa y de las\nautoridades correspondientes para investigar el caso y que se aplique justicia.<\/p>\n\n\n\n<p>En tanto que la regidora ya realiz\u00f3 las\ndenuncias ante la Fiscal\u00eda General del Estado, as\u00ed como contra el edil, a quien\nadem\u00e1s responsabiliz\u00f3 de cualquier agresi\u00f3n en su contra o de su familia al\nedil; al hijo del mandatario municipal y al escolta de Ju\u00e1rez Constantito, pues\ntambi\u00e9n recibi\u00f3 amenazas de actos que da\u00f1an su integridad.<\/p>\n","protected":false},"excerpt":{"rendered":"<p>Yuridiana Sosa\/Zona Roja. Oaxaca de Ju\u00e1rez, Oax., 10 de febrero de 2020.-\u00a0 El presidente municipal&hellip;<\/p>\n","protected":false},"author":2,"featured_media":8629,"comment_status":"closed","ping_status":"open","sticky":false,"template":"","format":"standard","meta":{"_lmt_disableupdate":"","_lmt_disable":"","_jetpack_memberships_contains_paid_content":false,"footnotes":""},"categories":[109,51],"tags":[1356,228],"class_list":["post-8628","post","type-post","status-publish","format-standard","has-post-thumbnail","hentry","category-minuto-a-minuto","category-zona-roja","tag-alfredo-juarez-diaz","tag-matias-romero-avendano"],"jetpack_featured_media_url":"https:\/\/zonaroja.com.mx\/wp-content\/uploads\/2020\/02\/Amenazas-edil-Mat\u00edas.jpg","jetpack_sharing_enabled":true,"_links":{"self":[{"href":"https:\/\/zonaroja.com.mx\/index.php?rest_route=\/wp\/v2\/posts\/8628","targetHints":{"allow":["GET"]}}],"collection":[{"href":"https:\/\/zonaroja.com.mx\/index.php?rest_route=\/wp\/v2\/posts"}],"about":[{"href":"https:\/\/zonaroja.com.mx\/index.php?rest_route=\/wp\/v2\/types\/post"}],"author":[{"embeddable":true,"href":"https:\/\/zonaroja.com.mx\/index.php?rest_route=\/wp\/v2\/users\/2"}],"replies":[{"embeddable":true,"href":"https:\/\/zonaroja.com.mx\/index.php?rest_route=%2Fwp%2Fv2%2Fcomments&post=8628"}],"version-history":[{"count":1,"href":"https:\/\/zonaroja.com.mx\/index.php?rest_route=\/wp\/v2\/posts\/8628\/revisions"}],"predecessor-version":[{"id":8630,"href":"https:\/\/zonaroja.com.mx\/index.php?rest_route=\/wp\/v2\/posts\/8628\/revisions\/8630"}],"wp:featuredmedia":[{"embeddable":true,"href":"https:\/\/zonaroja.com.mx\/index.php?rest_route=\/wp\/v2\/media\/8629"}],"wp:attachment":[{"href":"https:\/\/zonaroja.com.mx\/index.php?rest_route=%2Fwp%2Fv2%2Fmedia&parent=8628"}],"wp:term":[{"taxonomy":"category","embeddable":true,"href":"https:\/\/zonaroja.com.mx\/index.php?rest_route=%2Fwp%2Fv2%2Fcategories&post=8628"},{"taxonomy":"post_tag","embeddable":true,"href":"https:\/\/zonaroja.com.mx\/index.php?rest_route=%2Fwp%2Fv2%2Ftags&post=8628"}],"curies":[{"name":"wp","href":"https:\/\/api.w.org\/{rel}","templated":true}]}}