{"id":86281,"date":"2025-10-28T13:20:00","date_gmt":"2025-10-28T19:20:00","guid":{"rendered":"https:\/\/zonaroja.com.mx\/?p=86281"},"modified":"2025-10-28T08:23:24","modified_gmt":"2025-10-28T14:23:24","slug":"opinion-uabjo-fecha-de-caducidad","status":"publish","type":"post","link":"https:\/\/zonaroja.com.mx\/?p=86281","title":{"rendered":"Opini\u00f3n. UABJO:\u00a0fecha de caducidad"},"content":{"rendered":"\n<p>Isidoro Yescas*&nbsp;<\/p>\n\n\n\n<p>La buena costumbre de respetar&nbsp;la&nbsp;ley&nbsp;y procurar que como m\u00e1xima autoridad en la UABJO el Consejo Universitario se apegue en su integraci\u00f3n y funciones a sus atribuciones establecidas en la Ley Org\u00e1nica es un asunto del pasado.&nbsp;<\/p>\n\n\n\n<p>Con&nbsp;el rector&nbsp;Cristian Carre\u00f1o este \u00f3rgano colegiado paritario se ha reducido a su m\u00ednima expresi\u00f3n no solamente como instancia deliberativa, que rara vez ocurre, sino como m\u00e1xima autoridad para aprobar&nbsp;todos los asuntos de orden acad\u00e9mico, administrativo&nbsp;y legislativo que le competen.<\/p>\n\n\n\n<p>No es todo: desde&nbsp;el &nbsp;2022,&nbsp;cuando Carre\u00f1o fue designado rector,&nbsp;el Consejo Universitario no se ha renovado&nbsp;pese a&nbsp;que,&nbsp;de acuerdo con el art\u00edculo 23 de la Ley Org\u00e1nica,&nbsp;este proceso debe llevarse a cabo&nbsp;cada dos a\u00f1os.<\/p>\n\n\n\n<p>Lo anterior significa que ya desde principios del 2025, si no es que&nbsp;antes,&nbsp;venci\u00f3&nbsp;su per\u00edodo legal&nbsp;y, por lo tanto, todas sus decisiones y acuerdos podr\u00edan carecer de validez o, en su caso, ser impugnados.&nbsp;<\/p>\n\n\n\n<p>As\u00ed las&nbsp;cosas,&nbsp;y de cara al proceso electoral para la elecci\u00f3n de rector o rectora, ser\u00e1 obligado que se convoque a la elecci\u00f3n de consejeros(as) universitarios &nbsp;antes de que fenezca el 2025 o, a m\u00e1s tardar,&nbsp;durante el mes&nbsp;de&nbsp;marzo del 2026,&nbsp;si tomamos en cuenta que la elecci\u00f3n rectoral deber\u00eda efectuarse en el mes de mayo del mismo a\u00f1o.<\/p>\n\n\n\n<p>Sin&nbsp;embargo,&nbsp;antes&nbsp;de que se inicie este proceso,&nbsp;el Consejo Universitario&nbsp;estar\u00eda aprobando y formalizando la entrega del Doctorado Honoris Causa,&nbsp;un reconocimiento&nbsp;que la UABJO puede otorgar cada tres a\u00f1os a&nbsp;investigadores, escritores, acad\u00e9micos y personalidades destacadas en el \u00e1mbito estatal, nacional o internacional, seg\u00fan lo establece el art\u00edculo 26 del Reglamento de Distinciones Acad\u00e9micas y Reconocimientos Honor\u00edficos.<\/p>\n\n\n\n<p>Y tal reconocimiento se llevar\u00e1 a cabo con un \u00f3rgano colegiado que ya tiene fecha de caducidad.<\/p>\n\n\n\n<p>Se dir\u00e1 que&nbsp;esta&nbsp;distinci\u00f3n no tiene efectos&nbsp;legales,&nbsp;pero&nbsp;dice mucho del desd\u00e9n &nbsp;y escaso respeto a la&nbsp;legislaci\u00f3n de la UABJO&nbsp;de&nbsp;parte&nbsp;del&nbsp;rector y dem\u00e1s autoridades de esta casa de estudios&nbsp;que&nbsp;bajo esa condici\u00f3n an\u00f3mala&nbsp;ahora&nbsp;nuevamente se convoque a sesi\u00f3n extraordinaria, ahora para la realizaci\u00f3n de una sesi\u00f3n solemne.<\/p>\n\n\n\n<p>Llama tambi\u00e9n la atenci\u00f3n que ahora, a propuesta del&nbsp;rector, entre&nbsp;los candidatos a recibir el Doctorado Honoris Causa se incluir\u00edan a funcionarios del gobierno federal, como ser\u00eda el caso de la doctora Carmen Rodr\u00edguez Armenta, exsubsecretaria de la SEP y ahora Directora del Ceneval quien, adem\u00e1s, es comadre de Cristian Carre\u00f1o.<\/p>\n\n\n\n<p>En&nbsp;pasados&nbsp;rectorados, la UABJO hizo entrega de&nbsp;\u00e9sta distinci\u00f3n institucional&nbsp;a destacadas personalidades del medio cultural y acad\u00e9mico nacional como Francisco Toledo, Sergio Pitol, Ra\u00fal Ben\u00edtez Zenteno, Julieta Fierro y al Premio Nobel de Qu\u00edmica, Mario Molina, por citar algunos nombres.&nbsp;<\/p>\n\n\n\n<p>Hoy,&nbsp;en cambio,&nbsp;el factor pol\u00edtico-familiar&nbsp;podr\u00eda tener prioridad.&nbsp;<\/p>\n\n\n\n<p>*Maestro en Sociolog\u00eda y periodista.<\/p>\n\n\n\n<p>X:@YescasIsidoro &nbsp; &nbsp; &nbsp;&nbsp;<\/p>\n\n\n\n<p>Faceboock:Isidoro&nbsp;Yescas &nbsp; &nbsp; &nbsp; &nbsp;&nbsp;<\/p>\n","protected":false},"excerpt":{"rendered":"<p>Isidoro Yescas*&nbsp; La buena costumbre de respetar&nbsp;la&nbsp;ley&nbsp;y procurar que como m\u00e1xima autoridad en la UABJO&hellip;<\/p>\n","protected":false},"author":2,"featured_media":71623,"comment_status":"closed","ping_status":"open","sticky":false,"template":"","format":"standard","meta":{"_lmt_disableupdate":"","_lmt_disable":"","_jetpack_memberships_contains_paid_content":false,"footnotes":""},"categories":[456,109],"tags":[3998],"class_list":["post-86281","post","type-post","status-publish","format-standard","has-post-thumbnail","hentry","category-columna","category-minuto-a-minuto","tag-isidoro-yescas-martinez"],"jetpack_featured_media_url":"https:\/\/zonaroja.com.mx\/wp-content\/uploads\/2024\/08\/Opinion.-Isidoro-Yescas.jpg","jetpack_sharing_enabled":true,"_links":{"self":[{"href":"https:\/\/zonaroja.com.mx\/index.php?rest_route=\/wp\/v2\/posts\/86281","targetHints":{"allow":["GET"]}}],"collection":[{"href":"https:\/\/zonaroja.com.mx\/index.php?rest_route=\/wp\/v2\/posts"}],"about":[{"href":"https:\/\/zonaroja.com.mx\/index.php?rest_route=\/wp\/v2\/types\/post"}],"author":[{"embeddable":true,"href":"https:\/\/zonaroja.com.mx\/index.php?rest_route=\/wp\/v2\/users\/2"}],"replies":[{"embeddable":true,"href":"https:\/\/zonaroja.com.mx\/index.php?rest_route=%2Fwp%2Fv2%2Fcomments&post=86281"}],"version-history":[{"count":1,"href":"https:\/\/zonaroja.com.mx\/index.php?rest_route=\/wp\/v2\/posts\/86281\/revisions"}],"predecessor-version":[{"id":86282,"href":"https:\/\/zonaroja.com.mx\/index.php?rest_route=\/wp\/v2\/posts\/86281\/revisions\/86282"}],"wp:featuredmedia":[{"embeddable":true,"href":"https:\/\/zonaroja.com.mx\/index.php?rest_route=\/wp\/v2\/media\/71623"}],"wp:attachment":[{"href":"https:\/\/zonaroja.com.mx\/index.php?rest_route=%2Fwp%2Fv2%2Fmedia&parent=86281"}],"wp:term":[{"taxonomy":"category","embeddable":true,"href":"https:\/\/zonaroja.com.mx\/index.php?rest_route=%2Fwp%2Fv2%2Fcategories&post=86281"},{"taxonomy":"post_tag","embeddable":true,"href":"https:\/\/zonaroja.com.mx\/index.php?rest_route=%2Fwp%2Fv2%2Ftags&post=86281"}],"curies":[{"name":"wp","href":"https:\/\/api.w.org\/{rel}","templated":true}]}}