{"id":86283,"date":"2025-10-28T16:46:51","date_gmt":"2025-10-28T22:46:51","guid":{"rendered":"https:\/\/zonaroja.com.mx\/?p=86283"},"modified":"2025-10-28T16:46:53","modified_gmt":"2025-10-28T22:46:53","slug":"mas-de-60-menores-han-sido-detenidos-desde-el-inicio-de-la-guerra-en-sinaloa","status":"publish","type":"post","link":"https:\/\/zonaroja.com.mx\/?p=86283","title":{"rendered":"M\u00e1s de 60 menores han sido detenidos desde el inicio de la guerra en Sinaloa"},"content":{"rendered":"\n<p>Redacci\u00f3n\/Zona Roja Cdmx.<\/p>\n\n\n\n<p>(Informaci\u00f3n de Infobae M\u00e9xico)<\/p>\n\n\n\n<p>Ciudad de M\u00e9xico, a 28 de octubre de 2025.- La guerra que mantienen las facciones de \u00abLos Chapitos\u00bb y \u00abLos Mayos\u00bb del C\u00e1rtel de Sinaloa desde el 9 de septiembre de 2024 ha comenzado a arrojar cifras acerca del reclutamiento de menores de edad por el narco en el estado de Sinaloa.<\/p>\n\n\n\n<p>De acuerdo con datos de la Secretar\u00eda de Seguridad P\u00fablica (SSP) del Estado, obtenidas por Infobae M\u00e9xico, desde el inicio de la disputa que mantiene la organizaci\u00f3n criminal y hasta el mes de septiembre de 2025 se han contabilizado alrededor de 68 menores de edad detenidos por delitos relacionados con narcotr\u00e1fico en Sinaloa.<\/p>\n\n\n\n<p>La mayor\u00eda de los j\u00f3venes que ingresan al Centro de Internamiento para Adolescentes (CIA) lo hacen por delitos graves, entre los que se encuentran robar con armas de fuego, secuestrar o asesinar.<\/p>\n\n\n\n<p>Aunque estos ingresos corresponden al inicio de la violencia, los registros obtenidos se\u00f1alan que existen un total de 72 menores de edad presos, entre los que se encuentran 69 masculinos, 2 femeninos y 1 femenino de nacimiento que se identifica como masculino.<\/p>\n\n\n\n<p>Un documento de la SSP y del \u00d3rgano Especializado en la Ejecuci\u00f3n de Medidas para Adolescentes (OEEMA) refiere que tan solo de enero de 2025 a mayo de 2025 se registr\u00f3 el ingreso de 26 menores de edad al CIA.<\/p>\n\n\n\n<p>De los j\u00f3venes recluidos once ten\u00edan 17 a\u00f1os de edad y nueve de 16; el resto eran de 18, 14 y 15 a\u00f1os. Adem\u00e1s, la mayor\u00eda contaba con estudios de secundaria y preparatoria.<\/p>\n\n\n\n<p>La disputa entre facciones tambi\u00e9n ha provocado que el crimen organizado reclute a j\u00f3venes jaliscienses para llevarlos a Sinaloa como parte de una estrategia para contar mayores cantidades de sicarios en la zona.<\/p>\n\n\n\n<p>Esta estrategia fue detectada por las autoridades de Jalisco luego de la localizaci\u00f3n sin vida de dos adolescentes de 16 a\u00f1os de edad durante un enfrentamiento armado entre grupos antag\u00f3nicos en Culiac\u00e1n, Sinaloa, el pasado 14 de julio.<\/p>\n\n\n\n<p>Salvador Gonz\u00e1lez de los Santos, fiscal del Estado, inform\u00f3 que los grupos criminales con presencia en Jalisco -basti\u00f3n del C\u00e1rtel Jalisco Nueva Generaci\u00f3n (CJNG)- han optado de manera reciente por reclutar j\u00f3venes en el estado y, luego de ser adiestrados en distintas entidades del pa\u00eds, son enviados a Sinaloa.<\/p>\n\n\n\n<p>Dentro de este modus operandi tambi\u00e9n se encuentra el reclutamiento forzado a trav\u00e9s de falsas ofertas de empleo en las que prometen salarios altos para enga\u00f1ar a los j\u00f3venes y obligarlos a llevar a cabo actividades delictivas.<\/p>\n\n\n\n<p>El fiscal detall\u00f3 que pudieron conocer esta estrategia mediante el testimonio de algunos j\u00f3venes que han podido liberarse y regresar, ya que identificaron a algunos menores con reporte de desaparici\u00f3n que se encontraban con ellos en Sinaloa.<\/p>\n\n\n\n<p>La guerra entre facciones inici\u00f3 luego de la captura de Ismael \u201cEl Mayo\u201d Zambada, exl\u00edder del C\u00e1rtel de Sinaloa, ocurrida el 25 de julio de 2024.<\/p>\n\n\n\n<p>Esta disputa ha provocado una ola de violencia en el estado que ha aumentado los homicidios al triple de los registrados de manera habitual desde el a\u00f1o 2020.<\/p>\n\n\n\n<p>De acuerdo con datos de la Fiscal\u00eda General del Estado de Sinaloa, en lo que va del a\u00f1o se han registrado un total de mil 292 homicidios dolosos, siendo junio el mes de mayor violencia con un total de 207 asesinatos.<\/p>\n","protected":false},"excerpt":{"rendered":"<p>Redacci\u00f3n\/Zona Roja Cdmx. (Informaci\u00f3n de Infobae M\u00e9xico) Ciudad de M\u00e9xico, a 28 de octubre de&hellip;<\/p>\n","protected":false},"author":2,"featured_media":75084,"comment_status":"closed","ping_status":"open","sticky":false,"template":"","format":"standard","meta":{"_lmt_disableupdate":"","_lmt_disable":"","_jetpack_memberships_contains_paid_content":false,"footnotes":""},"categories":[109,47],"tags":[4146],"class_list":["post-86283","post","type-post","status-publish","format-standard","has-post-thumbnail","hentry","category-minuto-a-minuto","category-zona-gris","tag-violencia-en-sinaloa"],"jetpack_featured_media_url":"https:\/\/zonaroja.com.mx\/wp-content\/uploads\/2024\/12\/Sinaloa-violencia.jpeg","jetpack_sharing_enabled":true,"_links":{"self":[{"href":"https:\/\/zonaroja.com.mx\/index.php?rest_route=\/wp\/v2\/posts\/86283","targetHints":{"allow":["GET"]}}],"collection":[{"href":"https:\/\/zonaroja.com.mx\/index.php?rest_route=\/wp\/v2\/posts"}],"about":[{"href":"https:\/\/zonaroja.com.mx\/index.php?rest_route=\/wp\/v2\/types\/post"}],"author":[{"embeddable":true,"href":"https:\/\/zonaroja.com.mx\/index.php?rest_route=\/wp\/v2\/users\/2"}],"replies":[{"embeddable":true,"href":"https:\/\/zonaroja.com.mx\/index.php?rest_route=%2Fwp%2Fv2%2Fcomments&post=86283"}],"version-history":[{"count":1,"href":"https:\/\/zonaroja.com.mx\/index.php?rest_route=\/wp\/v2\/posts\/86283\/revisions"}],"predecessor-version":[{"id":86284,"href":"https:\/\/zonaroja.com.mx\/index.php?rest_route=\/wp\/v2\/posts\/86283\/revisions\/86284"}],"wp:featuredmedia":[{"embeddable":true,"href":"https:\/\/zonaroja.com.mx\/index.php?rest_route=\/wp\/v2\/media\/75084"}],"wp:attachment":[{"href":"https:\/\/zonaroja.com.mx\/index.php?rest_route=%2Fwp%2Fv2%2Fmedia&parent=86283"}],"wp:term":[{"taxonomy":"category","embeddable":true,"href":"https:\/\/zonaroja.com.mx\/index.php?rest_route=%2Fwp%2Fv2%2Fcategories&post=86283"},{"taxonomy":"post_tag","embeddable":true,"href":"https:\/\/zonaroja.com.mx\/index.php?rest_route=%2Fwp%2Fv2%2Ftags&post=86283"}],"curies":[{"name":"wp","href":"https:\/\/api.w.org\/{rel}","templated":true}]}}