{"id":86288,"date":"2025-10-28T18:46:02","date_gmt":"2025-10-29T00:46:02","guid":{"rendered":"https:\/\/zonaroja.com.mx\/?p=86288"},"modified":"2025-10-28T18:46:04","modified_gmt":"2025-10-29T00:46:04","slug":"violencia-en-el-istmo-dos-torturados-y-ejecutados-en-tehuantepec","status":"publish","type":"post","link":"https:\/\/zonaroja.com.mx\/?p=86288","title":{"rendered":"Violencia en el Istmo: dos torturados y ejecutados en Tehuantepec"},"content":{"rendered":"\n<p>Raymundo Morales\/Zona Roja.<\/p>\n\n\n\n<p>Oaxaca, Oax., a 28 de octubre de 2025.- La ola criminal que resurgi\u00f3 el pasado fin de semana en la regi\u00f3n del Istmo dej\u00f3 otras dos v\u00edctimas, ahora en Santo Domingo Tehuantepec.<\/p>\n\n\n\n<p>La ma\u00f1ana de este martes fueron localizados dos cuerpos sin vida, presuntamente con huellas de tortura y m\u00faltiples disparos de arma de fuego, en un camino local que conduce a la agencia municipal de Rinc\u00f3n Moreno.<\/p>\n\n\n\n<p>De acuerdo con informes policiacos, tambi\u00e9n se hall\u00f3 una cartulina con un mensaje amenazante; hasta esta noche, las v\u00edctimas no han sido identificadas.<\/p>\n\n\n\n<p>Apenas ayer lunes, en Juchit\u00e1n de Zaragoza asesinaron a un taxista en su unidad de motor, en la Segunda Secci\u00f3n.<\/p>\n\n\n\n<p>En tanto que en Salina Cruz, por la ma\u00f1ana fue ejecutado el dirigente de la Confederaci\u00f3n Aut\u00f3noma de Trabajadores y Empleados de M\u00e9xico, No\u00e9 P. U., en pleno centro comercial.<\/p>\n\n\n\n<p>El domingo fueron ultimados a balazos un hombre y una mujer, en jurisdicci\u00f3n del municipio de Mat\u00edas Romero Avenda\u00f1o, al norte de la regi\u00f3n del Istmo; el crimen de un comerciante se registr\u00f3 en una comunidad de San Juan Mazatl\u00e1n Mixe.<\/p>\n\n\n\n<p>Mientras que el s\u00e1bado pasado, un mototaxistas fue ejecutado y su cuerpo mutilado y calcinado, junto a su unidad de motor, en Juchit\u00e1n de Zaragoza.&nbsp;<\/p>\n","protected":false},"excerpt":{"rendered":"<p>Raymundo Morales\/Zona Roja. Oaxaca, Oax., a 28 de octubre de 2025.- La ola criminal que&hellip;<\/p>\n","protected":false},"author":2,"featured_media":86289,"comment_status":"closed","ping_status":"open","sticky":false,"template":"","format":"standard","meta":{"_lmt_disableupdate":"","_lmt_disable":"","_jetpack_memberships_contains_paid_content":false,"footnotes":""},"categories":[109,51],"tags":[533],"class_list":["post-86288","post","type-post","status-publish","format-standard","has-post-thumbnail","hentry","category-minuto-a-minuto","category-zona-roja","tag-asesinado-en-tehuantepec"],"jetpack_featured_media_url":"https:\/\/zonaroja.com.mx\/wp-content\/uploads\/2025\/10\/Dos-ejecutados-en-Rincon-Moreno-Tehuantepec.jpg","jetpack_sharing_enabled":true,"_links":{"self":[{"href":"https:\/\/zonaroja.com.mx\/index.php?rest_route=\/wp\/v2\/posts\/86288","targetHints":{"allow":["GET"]}}],"collection":[{"href":"https:\/\/zonaroja.com.mx\/index.php?rest_route=\/wp\/v2\/posts"}],"about":[{"href":"https:\/\/zonaroja.com.mx\/index.php?rest_route=\/wp\/v2\/types\/post"}],"author":[{"embeddable":true,"href":"https:\/\/zonaroja.com.mx\/index.php?rest_route=\/wp\/v2\/users\/2"}],"replies":[{"embeddable":true,"href":"https:\/\/zonaroja.com.mx\/index.php?rest_route=%2Fwp%2Fv2%2Fcomments&post=86288"}],"version-history":[{"count":1,"href":"https:\/\/zonaroja.com.mx\/index.php?rest_route=\/wp\/v2\/posts\/86288\/revisions"}],"predecessor-version":[{"id":86290,"href":"https:\/\/zonaroja.com.mx\/index.php?rest_route=\/wp\/v2\/posts\/86288\/revisions\/86290"}],"wp:featuredmedia":[{"embeddable":true,"href":"https:\/\/zonaroja.com.mx\/index.php?rest_route=\/wp\/v2\/media\/86289"}],"wp:attachment":[{"href":"https:\/\/zonaroja.com.mx\/index.php?rest_route=%2Fwp%2Fv2%2Fmedia&parent=86288"}],"wp:term":[{"taxonomy":"category","embeddable":true,"href":"https:\/\/zonaroja.com.mx\/index.php?rest_route=%2Fwp%2Fv2%2Fcategories&post=86288"},{"taxonomy":"post_tag","embeddable":true,"href":"https:\/\/zonaroja.com.mx\/index.php?rest_route=%2Fwp%2Fv2%2Ftags&post=86288"}],"curies":[{"name":"wp","href":"https:\/\/api.w.org\/{rel}","templated":true}]}}