{"id":86291,"date":"2025-10-28T20:16:22","date_gmt":"2025-10-29T02:16:22","guid":{"rendered":"https:\/\/zonaroja.com.mx\/?p=86291"},"modified":"2025-10-28T20:16:24","modified_gmt":"2025-10-29T02:16:24","slug":"aprueban-mas-permisos-temporales-por-dia-de-muertos-en-la-capital","status":"publish","type":"post","link":"https:\/\/zonaroja.com.mx\/?p=86291","title":{"rendered":"Aprueban m\u00e1s permisos temporales por D\u00eda de Muertos en la capital"},"content":{"rendered":"\n<p>Lisbeth Mej\u00eda Reyes\/Zona Roja.<\/p>\n\n\n\n<p>Oaxaca, Oax., a 28 de octubre de 2025.- A una semana de haber aprobado los permisos para las expoferias artesanales, el Cabildo de Oaxaca de Ju\u00e1rez autoriz\u00f3 este martes la instalaci\u00f3n de m\u00e1s puestos con motivos de las festividades de D\u00eda de Muertos.<\/p>\n\n\n\n<p>Aunque no detall\u00f3 sobre el n\u00famero ni la vigencia de los nuevos permisos temporales, en la sesi\u00f3n ordinaria s\u00ed se inform\u00f3 que estos son para las verbenas que estar\u00e1n alrededor de los panteones General y Ex Marquesado.<\/p>\n\n\n\n<p>En 2024, la anterior administraci\u00f3n municipal hab\u00eda aprobado 274 permisos para las expoferias artesanales, adem\u00e1s de 101 para la verbena del pante\u00f3n General y 12 para la del pante\u00f3n del Ex Marquesado.&nbsp;<\/p>\n\n\n\n<p>Por ahora a\u00fan se desconoce el n\u00famero exacto de las autorizaciones temporales, aunque se estima que son aproximadamente 200 o m\u00e1s las que abarcan las expoferias del jard\u00edn Labastida y la calle Macedonio Alcal\u00e1.<\/p>\n\n\n\n<p>Adem\u00e1s de los permisos para expoferias y verbenas, y sin pasar por el Cabildo, este martes comenz\u00f3 la instalaci\u00f3n de pintacaritas o maquillista en la avenida de La Independencia y las calles Aurelio Valdivieso y Macedonio Alcal\u00e1. En 2024, la autoridad municipal hab\u00eda autorizado 97 puestos de este tipo, pero no con tantos d\u00edas antes como ahora.<\/p>\n\n\n\n<p>Al margen de la falta de informaci\u00f3n, se estima que en este a\u00f1o ya son aproximadamente 400 los permisos temporales para comerciantes en v\u00eda p\u00fablica por las fiestas de Fieles Difuntos, Todos Santos o D\u00eda de Muertos.<\/p>\n\n\n\n<p>De igual manera, se espera que los puestos est\u00e9n al menos hasta el pr\u00f3ximo domingo o lunes.<\/p>\n\n\n\n<p>AVALAN REFORMA<\/p>\n\n\n\n<p>En la sesi\u00f3n ordinaria, el Cabildo tambi\u00e9n aprob\u00f3 reformas al Reglamento de Justicia C\u00edvica, \u00abcon el prop\u00f3sito de consolidar un sistema preventivo, restaurativo y cercano a la gente\u00bb.<\/p>\n\n\n\n<p>Aunque no se detall\u00f3 el dictamen, el ayuntamiento inform\u00f3 posteriormente que \u00abestas reformas buscan fortalecer la convivencia vecinal, promover la cultura de la legalidad y la resoluci\u00f3n pac\u00edfica de conflictos, adem\u00e1s de contribuir a una ciudad m\u00e1s limpia, ordenada y segura, donde prevalezca el respeto y la armon\u00eda social\u00bb.<\/p>\n","protected":false},"excerpt":{"rendered":"<p>Lisbeth Mej\u00eda Reyes\/Zona Roja. Oaxaca, Oax., a 28 de octubre de 2025.- A una semana&hellip;<\/p>\n","protected":false},"author":2,"featured_media":86292,"comment_status":"closed","ping_status":"open","sticky":false,"template":"","format":"standard","meta":{"_lmt_disableupdate":"","_lmt_disable":"","_jetpack_memberships_contains_paid_content":false,"footnotes":""},"categories":[109,47],"tags":[148],"class_list":["post-86291","post","type-post","status-publish","format-standard","has-post-thumbnail","hentry","category-minuto-a-minuto","category-zona-gris","tag-oaxaca-de-juarez"],"jetpack_featured_media_url":"https:\/\/zonaroja.com.mx\/wp-content\/uploads\/2025\/10\/Ambulantes-Dia-de-Muertos-ciudad-de-Oaxaca.jpg","jetpack_sharing_enabled":true,"_links":{"self":[{"href":"https:\/\/zonaroja.com.mx\/index.php?rest_route=\/wp\/v2\/posts\/86291","targetHints":{"allow":["GET"]}}],"collection":[{"href":"https:\/\/zonaroja.com.mx\/index.php?rest_route=\/wp\/v2\/posts"}],"about":[{"href":"https:\/\/zonaroja.com.mx\/index.php?rest_route=\/wp\/v2\/types\/post"}],"author":[{"embeddable":true,"href":"https:\/\/zonaroja.com.mx\/index.php?rest_route=\/wp\/v2\/users\/2"}],"replies":[{"embeddable":true,"href":"https:\/\/zonaroja.com.mx\/index.php?rest_route=%2Fwp%2Fv2%2Fcomments&post=86291"}],"version-history":[{"count":1,"href":"https:\/\/zonaroja.com.mx\/index.php?rest_route=\/wp\/v2\/posts\/86291\/revisions"}],"predecessor-version":[{"id":86293,"href":"https:\/\/zonaroja.com.mx\/index.php?rest_route=\/wp\/v2\/posts\/86291\/revisions\/86293"}],"wp:featuredmedia":[{"embeddable":true,"href":"https:\/\/zonaroja.com.mx\/index.php?rest_route=\/wp\/v2\/media\/86292"}],"wp:attachment":[{"href":"https:\/\/zonaroja.com.mx\/index.php?rest_route=%2Fwp%2Fv2%2Fmedia&parent=86291"}],"wp:term":[{"taxonomy":"category","embeddable":true,"href":"https:\/\/zonaroja.com.mx\/index.php?rest_route=%2Fwp%2Fv2%2Fcategories&post=86291"},{"taxonomy":"post_tag","embeddable":true,"href":"https:\/\/zonaroja.com.mx\/index.php?rest_route=%2Fwp%2Fv2%2Ftags&post=86291"}],"curies":[{"name":"wp","href":"https:\/\/api.w.org\/{rel}","templated":true}]}}