{"id":86294,"date":"2025-10-28T21:11:46","date_gmt":"2025-10-29T03:11:46","guid":{"rendered":"https:\/\/zonaroja.com.mx\/?p=86294"},"modified":"2025-10-28T21:11:48","modified_gmt":"2025-10-29T03:11:48","slug":"preve-seccion-22-prolongar-su-planton-en-oaxaca-hasta-dia-de-muertos","status":"publish","type":"post","link":"https:\/\/zonaroja.com.mx\/?p=86294","title":{"rendered":"Prev\u00e9 Secci\u00f3n 22 prolongar su \u201cplant\u00f3n\u201d en Oaxaca hasta D\u00eda de Muertos"},"content":{"rendered":"\n<p>Ismael Garc\u00eda M.\/Zona Roja.<\/p>\n\n\n\n<p>Oaxaca, Oax., a 28 de octubre de 2025.- Supervisores y jefes de sector afiliados a la Secci\u00f3n 22 del Sindicato Nacional de Trabajadores de la Educaci\u00f3n (SNTE) prev\u00e9n prolongar su protesta hasta el fin de semana y manifestarse en las actividades por el D\u00eda de Muertos.<\/p>\n\n\n\n<p>Ello tras la respuesta oficial emitida este martes por parte del Instituto Estatal de Educaci\u00f3n P\u00fablica de Oaxaca (IEEPO), quien dio por cumplidas las demandas pero cuyo pago comenzar\u00e1 a reflejarse hasta el pr\u00f3ximo a\u00f1o.<\/p>\n\n\n\n<p>\u201cComo parte de los acuerdos tomados en la mesa tripartita realizada el pasado viernes 24 en Ciudad Administrativa, con la participaci\u00f3n de los gobiernos federal y estatal, y la dirigencia de la Secci\u00f3n 22 SNTE-CNTE, se dio respuesta a la demanda central del Nivel de Primarias, para regularizar el pago de 103 supervisores y 28 jefes de sector\u201d, difundi\u00f3 el IEEPO.<\/p>\n\n\n\n<p>\u201cCon la gesti\u00f3n y asistencia del gobernador Salom\u00f3n Jara Cruz, as\u00ed como de la secretaria de Gobernaci\u00f3n, Rosa Icela Rodriguez Vel\u00e1squez; el secretario de Educaci\u00f3n P\u00fablica, Mario Delgado Carrillo; el titular del IEEPO, Emilio Montero P\u00e9rez, y la dirigencia sindical, encabezada por su secretaria general, Yeni Araceli (sic) P\u00e9rez Mart\u00ednez, se estableci\u00f3 que el pago al honorable cuerpo de supervisores y jefes de sector se har\u00e1 el 15 de enero pr\u00f3ximo\u201d.<\/p>\n\n\n\n<p>Por ello, expuso que \u201cresulta ya innecesario el \u2018plant\u00f3n\u2019 que las y los docentes, liderados por el profesor Erangelio Mendoza Gonzalez, mantienen desde hace varias semanas en los bajos del Palacio de Gobierno\u201d, lo mismo que otras acciones que lesionan los intereses de la ciudadan\u00eda.<\/p>\n\n\n\n<p>M\u00c1S PROTESTAS<\/p>\n\n\n\n<p>Por otra parte, a trav\u00e9s de un cartel, el comit\u00e9 ejecutivo seccional de Oaxaca confirm\u00f3 que el paro de labores nacional, impulsado por la Coordinadora Nacional de Trabajadores de la Educaci\u00f3n, ser\u00e1 los d\u00edas 13 y 14 de noviembre pr\u00f3ximo.<\/p>\n\n\n\n<p>Mientras tanto, desde el pasado fin de semana, los estudiantes normalistas reactivaron sus movilizaciones en la ciudad de Oaxaca y zona metropolitana con la \u201ctoma\u201d de camiones de transporte de pasajeros.<\/p>\n\n\n\n<p>Y este martes instalaron un bloqueo en la intersecci\u00f3n de la avenida Independencia con Tinoco y Palacios, Centro Hist\u00f3rico de la capital, donde atravesaron un cami\u00f3n para pasajeros y otros de mercanc\u00edas.<\/p>\n\n\n\n<p>Sin embargo, dos horas despu\u00e9s arribaron elementos policiacos estatales, quienes les pidieron retirar su manifestaci\u00f3n y liberar la vialidad; sin embargo, los normalistas optaron por retomar su autob\u00fas y huir de la zona.<\/p>\n\n\n\n<p>Los estudiantes de la Escuela Normal de Educaci\u00f3n Preescolar de Oaxaca (ENEPO) se fueron a refugiar al Centro Regional de Educaci\u00f3n Normal y analizan efectuar m\u00e1s movilizaciones.<\/p>\n","protected":false},"excerpt":{"rendered":"<p>Ismael Garc\u00eda M.\/Zona Roja. Oaxaca, Oax., a 28 de octubre de 2025.- Supervisores y jefes&hellip;<\/p>\n","protected":false},"author":2,"featured_media":86295,"comment_status":"closed","ping_status":"open","sticky":false,"template":"","format":"standard","meta":{"_lmt_disableupdate":"","_lmt_disable":"","_jetpack_memberships_contains_paid_content":false,"footnotes":""},"categories":[109,47],"tags":[],"class_list":["post-86294","post","type-post","status-publish","format-standard","has-post-thumbnail","hentry","category-minuto-a-minuto","category-zona-gris"],"jetpack_featured_media_url":"https:\/\/zonaroja.com.mx\/wp-content\/uploads\/2025\/10\/planton-supervisores-y-jefes-de-sector-Palacio-de-Gobierno-IEEPO.jpg","jetpack_sharing_enabled":true,"_links":{"self":[{"href":"https:\/\/zonaroja.com.mx\/index.php?rest_route=\/wp\/v2\/posts\/86294","targetHints":{"allow":["GET"]}}],"collection":[{"href":"https:\/\/zonaroja.com.mx\/index.php?rest_route=\/wp\/v2\/posts"}],"about":[{"href":"https:\/\/zonaroja.com.mx\/index.php?rest_route=\/wp\/v2\/types\/post"}],"author":[{"embeddable":true,"href":"https:\/\/zonaroja.com.mx\/index.php?rest_route=\/wp\/v2\/users\/2"}],"replies":[{"embeddable":true,"href":"https:\/\/zonaroja.com.mx\/index.php?rest_route=%2Fwp%2Fv2%2Fcomments&post=86294"}],"version-history":[{"count":1,"href":"https:\/\/zonaroja.com.mx\/index.php?rest_route=\/wp\/v2\/posts\/86294\/revisions"}],"predecessor-version":[{"id":86296,"href":"https:\/\/zonaroja.com.mx\/index.php?rest_route=\/wp\/v2\/posts\/86294\/revisions\/86296"}],"wp:featuredmedia":[{"embeddable":true,"href":"https:\/\/zonaroja.com.mx\/index.php?rest_route=\/wp\/v2\/media\/86295"}],"wp:attachment":[{"href":"https:\/\/zonaroja.com.mx\/index.php?rest_route=%2Fwp%2Fv2%2Fmedia&parent=86294"}],"wp:term":[{"taxonomy":"category","embeddable":true,"href":"https:\/\/zonaroja.com.mx\/index.php?rest_route=%2Fwp%2Fv2%2Fcategories&post=86294"},{"taxonomy":"post_tag","embeddable":true,"href":"https:\/\/zonaroja.com.mx\/index.php?rest_route=%2Fwp%2Fv2%2Ftags&post=86294"}],"curies":[{"name":"wp","href":"https:\/\/api.w.org\/{rel}","templated":true}]}}