{"id":86297,"date":"2025-10-28T22:08:23","date_gmt":"2025-10-29T04:08:23","guid":{"rendered":"https:\/\/zonaroja.com.mx\/?p=86297"},"modified":"2025-10-28T22:08:25","modified_gmt":"2025-10-29T04:08:25","slug":"cerrada-por-restauracion-la-hemeroteca-publica-nestor-sanchez-cumplio-53-anos","status":"publish","type":"post","link":"https:\/\/zonaroja.com.mx\/?p=86297","title":{"rendered":"Cerrada, por restauraci\u00f3n, la Hemeroteca P\u00fablica \u00abN\u00e9stor S\u00e1nchez\u00bb cumpli\u00f3 53 a\u00f1os"},"content":{"rendered":"\n<p>Lisbeth Mej\u00eda Reyes\/Zona Roja.<\/p>\n\n\n\n<p>Oaxaca, Oax., a 28 de octubre de 2025.- En ella se encuentra parte de la historia escrita de Oaxaca y de M\u00e9xico, aquella que se ha plasmado en los peri\u00f3dicos impresos de los dos \u00faltimos siglos.&nbsp;<\/p>\n\n\n\n<p>Se trata de la Hemeroteca P\u00fablica de Oaxaca \u00abN\u00e9stor S\u00e1nchez Hern\u00e1ndez\u00bb, que el pasado 22 de octubre cumpli\u00f3 53 a\u00f1os.<\/p>\n\n\n\n<p>Aunque por la restauraci\u00f3n de la que es objeto, la hemeroteca lleg\u00f3 a este aniversario cerrada al p\u00fablico y a\u00fan no hay fecha para su reapertura. \u00danicamente hay un cartel que se\u00f1ala que est\u00e1 cerrada desde el 15 de septiembre y hasta nuevo aviso.<\/p>\n\n\n\n<p>Este espacio fue fundado por el fallecido periodista N\u00e9stor S\u00e1nchez, quien dirigi\u00f3 el extinto diario \u00abCarteles del Sur\u00bb, uno de los peri\u00f3dicos cuyos ejemplares est\u00e1n aqu\u00ed.<\/p>\n\n\n\n<p>En la hemeroteca se conserva tambi\u00e9n un ejemplar del \u00abBolet\u00edn de La Victoria\u00bb, que data de 1860 y que se considera el m\u00e1s antiguo de los peri\u00f3dicos resguardados, seg\u00fan un video de la Secretar\u00eda de las Culturas y Artes de Oaxaca del a\u00f1o 2023.<\/p>\n\n\n\n<p>Aunque los diarios impresos est\u00e1n desapareciendo en el estado y el pa\u00eds o han reducido el n\u00famero de sus p\u00e1ginas y tiraje, en la hemeroteca se resguardan ejemplares de peri\u00f3dicos como: \u00abOaxaca Gr\u00e1fico\u00bb, \u00abRotativo\u00bb, \u00abNoticias, voz e im\u00e1genes de Oaxaca\u00bb, \u00abEl Imparcial\u00bb, \u00abEl Sur\u00bb, entre otros de la entidad.&nbsp;<\/p>\n\n\n\n<p>Est\u00e1n adem\u00e1s ejemplares de diarios y revistas nacionales como \u00abLa Jornada\u00bb, \u00abMilenio\u00bb y \u00abProceso\u00bb. Tambi\u00e9n hay ejemplares digitalizados para facilitar su consulta y conservaci\u00f3n, debido a que los impresos ya se encuentran muy deteriorados.<\/p>\n\n\n\n<p>Una sala de encuadernaci\u00f3n, la sala de lectura (con retratos de periodistas ilustres como Arcelia Ya\u00f1iz) y la sala de archivos conforman esta instituci\u00f3n, la cual tuvo como primera sede una sala del Teatro Macedonio Alcal\u00e1.&nbsp;<\/p>\n\n\n\n<p>Desde 1994, opera en su actual direcci\u00f3n (en calle Reforma 501, esquina con Constituci\u00f3n, Centro), en lo que fue el Regimiento de Caballer\u00eda del ex convento de Santo Domingo de Guzm\u00e1n.<\/p>\n","protected":false},"excerpt":{"rendered":"<p>Lisbeth Mej\u00eda Reyes\/Zona Roja. Oaxaca, Oax., a 28 de octubre de 2025.- En ella se&hellip;<\/p>\n","protected":false},"author":2,"featured_media":86298,"comment_status":"closed","ping_status":"open","sticky":false,"template":"","format":"standard","meta":{"_lmt_disableupdate":"","_lmt_disable":"","_jetpack_memberships_contains_paid_content":false,"footnotes":""},"categories":[109,46],"tags":[4500],"class_list":["post-86297","post","type-post","status-publish","format-standard","has-post-thumbnail","hentry","category-minuto-a-minuto","category-zona-blanca","tag-hemeroteca-publica-nestor-sanchez"],"jetpack_featured_media_url":"https:\/\/zonaroja.com.mx\/wp-content\/uploads\/2025\/10\/Hemeroteca-Publica-del-estado-de-Oaxaca.jpg","jetpack_sharing_enabled":true,"_links":{"self":[{"href":"https:\/\/zonaroja.com.mx\/index.php?rest_route=\/wp\/v2\/posts\/86297","targetHints":{"allow":["GET"]}}],"collection":[{"href":"https:\/\/zonaroja.com.mx\/index.php?rest_route=\/wp\/v2\/posts"}],"about":[{"href":"https:\/\/zonaroja.com.mx\/index.php?rest_route=\/wp\/v2\/types\/post"}],"author":[{"embeddable":true,"href":"https:\/\/zonaroja.com.mx\/index.php?rest_route=\/wp\/v2\/users\/2"}],"replies":[{"embeddable":true,"href":"https:\/\/zonaroja.com.mx\/index.php?rest_route=%2Fwp%2Fv2%2Fcomments&post=86297"}],"version-history":[{"count":1,"href":"https:\/\/zonaroja.com.mx\/index.php?rest_route=\/wp\/v2\/posts\/86297\/revisions"}],"predecessor-version":[{"id":86299,"href":"https:\/\/zonaroja.com.mx\/index.php?rest_route=\/wp\/v2\/posts\/86297\/revisions\/86299"}],"wp:featuredmedia":[{"embeddable":true,"href":"https:\/\/zonaroja.com.mx\/index.php?rest_route=\/wp\/v2\/media\/86298"}],"wp:attachment":[{"href":"https:\/\/zonaroja.com.mx\/index.php?rest_route=%2Fwp%2Fv2%2Fmedia&parent=86297"}],"wp:term":[{"taxonomy":"category","embeddable":true,"href":"https:\/\/zonaroja.com.mx\/index.php?rest_route=%2Fwp%2Fv2%2Fcategories&post=86297"},{"taxonomy":"post_tag","embeddable":true,"href":"https:\/\/zonaroja.com.mx\/index.php?rest_route=%2Fwp%2Fv2%2Ftags&post=86297"}],"curies":[{"name":"wp","href":"https:\/\/api.w.org\/{rel}","templated":true}]}}