{"id":86303,"date":"2025-10-29T08:15:00","date_gmt":"2025-10-29T14:15:00","guid":{"rendered":"https:\/\/zonaroja.com.mx\/?p=86303"},"modified":"2025-10-29T06:51:41","modified_gmt":"2025-10-29T12:51:41","slug":"juzgado-admite-amparo-contra-gobierno-federal-por-presa-margarita-maza","status":"publish","type":"post","link":"https:\/\/zonaroja.com.mx\/?p=86303","title":{"rendered":"Juzgado admite amparo contra gobierno federal por presa \u201cMargarita Maza\u201d"},"content":{"rendered":"\n<p>Lisbeth Mej\u00eda Reyes\/Zona Roja.<\/p>\n\n\n\n<p>Oaxaca, Oax., a 29 de octubre de 2025.- El juzgado onceavo de Distrito, con sede en San Bartolo Coyotepec, admiti\u00f3 el amparo 1262\/2025 que interpuso el Observatorio Ciudadano Comunitario del Agua y Medio Ambiente de los Valles Centrales de Oaxaca (OCCAMA) en contra de la Secretar\u00eda de Medio Ambiente y Recursos Naturales (Semarnat) y la Comisi\u00f3n Nacional del Agua (Conagua), dependencias federales a la que acusan por falta de respuestas a sus peticiones de informaci\u00f3n y de falta de consulta y de transparencia en el proyecto de la presa \u201cMargarita Maza\u201d.<\/p>\n\n\n\n<p>El recurso fue presentado por el observatorio el pasado 13 de octubre y admitido un d\u00eda despu\u00e9s. Se deriva de la consulta realizada por 73 ciudadanas y ciudadanos a la Semarnat respecto al proyecto y la manifestaci\u00f3n de impacto ambiental.<\/p>\n\n\n\n<p>Ariel Morales Reyes, abogado que elabor\u00f3 el amparo y acompa\u00f1a el recurso por parte del OCCAMA, se\u00f1al\u00f3 que las consultas ciudadanas se basaron en la Ley General del Equilibrio Ecol\u00f3gico y la Protecci\u00f3n al Ambiente (LGEEPA) y fueron presentadas en septiembre ante la Semarnat. Sin embargo, \u00e9sta no contest\u00f3 a tiempo y por eso recurrieron al amparo.<\/p>\n\n\n\n<p>En conferencia de prensa en el Instituto de Artes Gr\u00e1ficas de Oaxaca, Morales Reyes consider\u00f3 que tras la admisi\u00f3n del amparo la Semarnat pretende evadir su responsabilidad.&nbsp;<\/p>\n\n\n\n<p>Esto al enviarles el pasado 22 de octubre un documento (con fecha 1 de octubre) en el que les solicita que acrediten su domicilio, algo que no especifica la ley, pero que ya hab\u00edan hecho al adjuntar copias simples de su credencial en las solicitudes.<\/p>\n\n\n\n<p>\u00abNos permite especular que no fue el 1 de octubre sino m\u00e1s reciente y lo buscaron como una salida viendo que est\u00e1n notificados de amparo para dejar sin materia el amparo\u00bb, expuso. Pese a ello, asegur\u00f3 que responder\u00e1n y ampliar\u00e1n el amparo.<\/p>\n\n\n\n<p>Al apelar al acuerdo de Escaz\u00fa, sobre la participaci\u00f3n ciudadana y las consultas, el abogado explic\u00f3 que esos requisitos tampoco les tendr\u00edan que ser solicitados. Adem\u00e1s, porque la actual titular de la Semarnat, Alicia B\u00e1rcena, fue una de las principales impulsoras del acuerdo de Escaz\u00fa y ahora como funcionaria federal lo est\u00e1 mintiendo.<\/p>\n\n\n\n<figure class=\"wp-block-embed is-type-rich is-provider-twitter wp-block-embed-twitter\"><div class=\"wp-block-embed__wrapper\">\n<div class=\"twitter-tweet\"><blockquote class=\"twitter-tweet\" data-lang=\"es\"><p lang=\"es\" dir=\"ltr\">En conferencia de prensa, integrantes del Observatorio Comunitario del Agua anunciaron que un juez federal admiti\u00f3 una demanda de amparo contra dependencias federales, por la opacidad en el proyecto de agua \u201cMargarita Maza\u201d, de la regi\u00f3n Sierra Sur de Oaxaca. <a href=\"https:\/\/t.co\/0i7zGXoyjN\">pic.twitter.com\/0i7zGXoyjN<\/a><\/p>&mdash; Zona Roja Oaxaca (@ZonaRoja_Oaxaca) <a href=\"https:\/\/twitter.com\/ZonaRoja_Oaxaca\/status\/1983331193375600834?ref_src=twsrc%5Etfw\">29 de octubre de 2025<\/a><\/blockquote><\/div>\n<\/div><\/figure>\n\n\n\n<p>Junto a Juan Jos\u00e9 Consejo Due\u00f1as, del Foro Oaxaque\u00f1o del Agua, y Nadir Quiroz, del Centro de Derechos Ind\u00edgenas Flor y Canto, Ariel detall\u00f3 que aunque todav\u00eda no hay una autorizaci\u00f3n del proyecto, las autoridades estatales y federales est\u00e1n promoviendo la licitaci\u00f3n para la construcci\u00f3n de la presa Margarita Maza. Es decir, se est\u00e1n adelantando a lo que marca la ley.<\/p>\n\n\n\n<p>\u00abEllos vienen muy r\u00e1pido porque tambi\u00e9n el 8 de agosto amanecimos con la novedad de que ya se hab\u00eda realizado una consulta, de la que no se sabe qui\u00e9n consult\u00f3 y a qui\u00e9n se consult\u00f3\u00bb, explic\u00f3 sobre este mecanismo del que tambi\u00e9n se\u00f1alaron irregularidades.<\/p>\n\n\n\n<p>El observatorio cuestion\u00f3 a los gobiernos estatal y federal por promover la construcci\u00f3n de la presa \u201cMargarita Maza\u201d (antes \u201cPaso Ancho\u201d) como la \u00fanica soluci\u00f3n ante la presunta carencia de agua para la zona metropolitana de Oaxaca y no se han planeado otras soluciones menos costosas y m\u00e1s efectivas.<\/p>\n\n\n\n<p>Es un proyecto precipitado, improvisado y contradictorio, pues se est\u00e1n omitiendo realizando con irregularidades la manifestaci\u00f3n de impacto ambiental y la consulta a las comunidades por donde estar\u00e1n la presa y la tuber\u00eda que transportar\u00e1 el agua, expuso Juan Jos\u00e9.<\/p>\n\n\n\n<p>Incluso, temen que estalle nuevamente un conflicto entre San Vicente Coatl\u00e1n (que no fue consultado por las autoridades) y Sola de Vega , comunidades con un conflicto de m\u00e1s de 60 a\u00f1os por 19 mil 600 hect\u00e1reas.<\/p>\n\n\n\n<p>El observatorio sospecha que hay intereses adicionales a la presa en la cuenca del r\u00edo \u201cVerde\u201d-\u201cAtoyac\u201d, incluso de proyectos mineros, pero que a\u00fan no han podido confirmar.<\/p>\n\n\n\n<p>Antes que pensar en la presa como la soluci\u00f3n a la crisis del agua, el Observatorio Ciudadano propone que las autoridades inviertan en la recarga de los mantos acu\u00edferos mediante la preservaci\u00f3n de la cordillera norte, tambi\u00e9n en la reparaci\u00f3n de la infraestructura p\u00fablica, pues ah\u00ed se pierde gran parte del agua potable. Tambi\u00e9n exige que la Conagua revis\u00e9 las concesiones de agua, ya que esto deriva en la sobre explotaci\u00f3n del recurso que tendr\u00eda que ser para la poblaci\u00f3n.<\/p>\n","protected":false},"excerpt":{"rendered":"<p>Lisbeth Mej\u00eda Reyes\/Zona Roja. Oaxaca, Oax., a 29 de octubre de 2025.- El juzgado onceavo&hellip;<\/p>\n","protected":false},"author":2,"featured_media":86304,"comment_status":"closed","ping_status":"open","sticky":false,"template":"","format":"standard","meta":{"_lmt_disableupdate":"","_lmt_disable":"","_jetpack_memberships_contains_paid_content":false,"footnotes":""},"categories":[109,47],"tags":[4424],"class_list":["post-86303","post","type-post","status-publish","format-standard","has-post-thumbnail","hentry","category-minuto-a-minuto","category-zona-gris","tag-presa-margarita-maza"],"jetpack_featured_media_url":"https:\/\/zonaroja.com.mx\/wp-content\/uploads\/2025\/10\/C0nferencia-OCAMA-presa-paso-ancho-margarita-maza.jpg","jetpack_sharing_enabled":true,"_links":{"self":[{"href":"https:\/\/zonaroja.com.mx\/index.php?rest_route=\/wp\/v2\/posts\/86303","targetHints":{"allow":["GET"]}}],"collection":[{"href":"https:\/\/zonaroja.com.mx\/index.php?rest_route=\/wp\/v2\/posts"}],"about":[{"href":"https:\/\/zonaroja.com.mx\/index.php?rest_route=\/wp\/v2\/types\/post"}],"author":[{"embeddable":true,"href":"https:\/\/zonaroja.com.mx\/index.php?rest_route=\/wp\/v2\/users\/2"}],"replies":[{"embeddable":true,"href":"https:\/\/zonaroja.com.mx\/index.php?rest_route=%2Fwp%2Fv2%2Fcomments&post=86303"}],"version-history":[{"count":1,"href":"https:\/\/zonaroja.com.mx\/index.php?rest_route=\/wp\/v2\/posts\/86303\/revisions"}],"predecessor-version":[{"id":86305,"href":"https:\/\/zonaroja.com.mx\/index.php?rest_route=\/wp\/v2\/posts\/86303\/revisions\/86305"}],"wp:featuredmedia":[{"embeddable":true,"href":"https:\/\/zonaroja.com.mx\/index.php?rest_route=\/wp\/v2\/media\/86304"}],"wp:attachment":[{"href":"https:\/\/zonaroja.com.mx\/index.php?rest_route=%2Fwp%2Fv2%2Fmedia&parent=86303"}],"wp:term":[{"taxonomy":"category","embeddable":true,"href":"https:\/\/zonaroja.com.mx\/index.php?rest_route=%2Fwp%2Fv2%2Fcategories&post=86303"},{"taxonomy":"post_tag","embeddable":true,"href":"https:\/\/zonaroja.com.mx\/index.php?rest_route=%2Fwp%2Fv2%2Ftags&post=86303"}],"curies":[{"name":"wp","href":"https:\/\/api.w.org\/{rel}","templated":true}]}}