{"id":86306,"date":"2025-10-29T09:15:00","date_gmt":"2025-10-29T15:15:00","guid":{"rendered":"https:\/\/zonaroja.com.mx\/?p=86306"},"modified":"2025-10-29T07:10:29","modified_gmt":"2025-10-29T13:10:29","slug":"oaxaca-y-fonatur-refuerzan-atencion-al-desarrollo-turistico-de-huatulco","status":"publish","type":"post","link":"https:\/\/zonaroja.com.mx\/?p=86306","title":{"rendered":"Oaxaca y Fonatur refuerzan atenci\u00f3n al desarrollo tur\u00edstico de Huatulco"},"content":{"rendered":"\n<p>Redacci\u00f3n\/Zona Roja.<\/p>\n\n\n\n<p>Oaxaca, Oax., a 29 de octubre de 2025.- El gobernador Salom\u00f3n Jara Cruz y el director general del Fondo Nacional de Fomento al Turismo (Fonatur), Sebasti\u00e1n Ram\u00edrez Mendoza, se reunieron ayer en la Ciudad de M\u00e9xico.<\/p>\n\n\n\n<p>Al encuentro acudieron representantes de dependencias estatales y municipios, con la finalidad de coordinar esfuerzos en beneficio del Centro Integralmente Planeado de Bah\u00edas de Huatulco y que permitan garantizar condiciones \u00f3ptimas para se contin\u00fae como uno de los destinos favoritos de M\u00e9xico.&nbsp;<\/p>\n\n\n\n<p>La secretaria de Turismo, Saymi Pineda Velasco, inform\u00f3 que participaron representantes de la Secretar\u00eda de Gobierno (Sego), la Secretar\u00eda de Infraestructuras y Comunicaciones de Oaxaca (Sinfra), la Consejer\u00eda Jur\u00eddica y Asistencia Legal del Estado, el Instituto Catastral (ICEO), la Comisi\u00f3n Estatal del Agua para el Bienestar (Ceabien), el Centro Integralmente Planeado (CIP) Huatulco, y las autoridades municipales de Santa Mar\u00eda Huatulco y de San Pedro Mixtepec.&nbsp;<\/p>\n\n\n\n<p>Explic\u00f3 que esta reuni\u00f3n de trabajo se realiz\u00f3 para coordinar las acciones interinstitucionales para atender de manera prioritaria al destino tur\u00edstico de Huatulco, y lograr que contin\u00fae como uno de los principales destinos tur\u00edsticos en los mercados nacional e internacional.<\/p>\n\n\n\n<p>Con el titular de Fonatur Sebasti\u00e1n Ram\u00edrez Mendoza, se revis\u00f3 la situaci\u00f3n actual del CIP Huatulco en materia de infraestructura, desde rehabilitaci\u00f3n, modernizaci\u00f3n y mantenimiento.<\/p>\n\n\n\n<p>Asimismo, se abordaron temas referentes al desarrollo tur\u00edstico de Puerto Escondido en San Pedro Mixtepec y explic\u00f3 que, en el marco de las estrategias del Gobierno de M\u00e9xico para posicionar al pa\u00eds como potencia tur\u00edstica, se plantearon acciones para la consolidaci\u00f3n de la oferta tur\u00edstica comunitaria de Oaxaca en la cadena de valor tur\u00edstica nacional.<\/p>\n\n\n\n<p>Pineda Velasco inform\u00f3 que esta estrategia se encuentra en una etapa de planeaci\u00f3n y se desarrollar\u00e1 en los pueblos mancomunados de la Sierra Ju\u00e1rez, donde el turismo se ha convertido en una de las actividades m\u00e1s importantes para generar ingresos para las familias y para el cuidado de los recursos naturales.<\/p>\n","protected":false},"excerpt":{"rendered":"<p>Redacci\u00f3n\/Zona Roja. Oaxaca, Oax., a 29 de octubre de 2025.- El gobernador Salom\u00f3n Jara Cruz&hellip;<\/p>\n","protected":false},"author":2,"featured_media":86311,"comment_status":"closed","ping_status":"open","sticky":false,"template":"","format":"standard","meta":{"_lmt_disableupdate":"","_lmt_disable":"","_jetpack_memberships_contains_paid_content":false,"footnotes":""},"categories":[109,46],"tags":[939,2714],"class_list":["post-86306","post","type-post","status-publish","format-standard","has-post-thumbnail","hentry","category-minuto-a-minuto","category-zona-blanca","tag-salomon-jara-cruz","tag-saymi-pineda-velasco"],"jetpack_featured_media_url":"https:\/\/zonaroja.com.mx\/wp-content\/uploads\/2025\/10\/Reunion-Salomon-Jara-y-Fonatur-Saymi-Pineda-Turismo.jpeg","jetpack_sharing_enabled":true,"_links":{"self":[{"href":"https:\/\/zonaroja.com.mx\/index.php?rest_route=\/wp\/v2\/posts\/86306","targetHints":{"allow":["GET"]}}],"collection":[{"href":"https:\/\/zonaroja.com.mx\/index.php?rest_route=\/wp\/v2\/posts"}],"about":[{"href":"https:\/\/zonaroja.com.mx\/index.php?rest_route=\/wp\/v2\/types\/post"}],"author":[{"embeddable":true,"href":"https:\/\/zonaroja.com.mx\/index.php?rest_route=\/wp\/v2\/users\/2"}],"replies":[{"embeddable":true,"href":"https:\/\/zonaroja.com.mx\/index.php?rest_route=%2Fwp%2Fv2%2Fcomments&post=86306"}],"version-history":[{"count":1,"href":"https:\/\/zonaroja.com.mx\/index.php?rest_route=\/wp\/v2\/posts\/86306\/revisions"}],"predecessor-version":[{"id":86312,"href":"https:\/\/zonaroja.com.mx\/index.php?rest_route=\/wp\/v2\/posts\/86306\/revisions\/86312"}],"wp:featuredmedia":[{"embeddable":true,"href":"https:\/\/zonaroja.com.mx\/index.php?rest_route=\/wp\/v2\/media\/86311"}],"wp:attachment":[{"href":"https:\/\/zonaroja.com.mx\/index.php?rest_route=%2Fwp%2Fv2%2Fmedia&parent=86306"}],"wp:term":[{"taxonomy":"category","embeddable":true,"href":"https:\/\/zonaroja.com.mx\/index.php?rest_route=%2Fwp%2Fv2%2Fcategories&post=86306"},{"taxonomy":"post_tag","embeddable":true,"href":"https:\/\/zonaroja.com.mx\/index.php?rest_route=%2Fwp%2Fv2%2Ftags&post=86306"}],"curies":[{"name":"wp","href":"https:\/\/api.w.org\/{rel}","templated":true}]}}