{"id":86326,"date":"2025-10-29T18:33:43","date_gmt":"2025-10-30T00:33:43","guid":{"rendered":"https:\/\/zonaroja.com.mx\/?p=86326"},"modified":"2025-10-29T18:33:46","modified_gmt":"2025-10-30T00:33:46","slug":"llega-a-la-capital-de-oaxaca-el-festival-de-cine-oculto","status":"publish","type":"post","link":"https:\/\/zonaroja.com.mx\/?p=86326","title":{"rendered":"Llega a la capital de Oaxaca el Festival de Cine Oculto"},"content":{"rendered":"\n<p>Lisbeth Mej\u00eda Reyes\/Zona Roja.<\/p>\n\n\n\n<p>Oaxaca, Oax., a 29 de octubre de 2025.- Con funciones gratuitas en la Biblioteca P\u00fablica Central \u201cMargarita Maza\u201d, en el teatro \u201cJu\u00e1rez\u201d y la Hemeroteca P\u00fablica, llega a Oaxaca el Festival de Cine Oculto, una iniciativa itinerante para acercar al p\u00fablico a pel\u00edculas de terror y suspenso.<\/p>\n\n\n\n<p>Rafael Prieto, realizador tuxtepecano y coordinador de la muestra itinerante en Oaxaca, coment\u00f3 que esta serie de proyecciones se desprende de la edici\u00f3n siete del festival, en esta ocasi\u00f3n, con producciones de Espa\u00f1a, M\u00e9xico e Italia.<\/p>\n\n\n\n<p>\u00abOculto es una iniciativa de la frontera Ciudad Ju\u00e1rez (Chihuahua)-El Paso (Texas, Estados Unidos). Es una iniciativa creada por locales de la zona que tiene como intenci\u00f3n trabajar en la rama del terror, del misticismo\u00bb, explic\u00f3 el cineasta sobre la muestra que comenz\u00f3 el 28 de octubre y estar\u00e1 hasta el 31 de este mes.<\/p>\n\n\n\n<p>En conferencia de prensa en el Museo de los Pintores Oaxaque\u00f1os, Rafael detall\u00f3 que el Oculto Film Fest se ha posicionado como el m\u00e1s exitoso de la frontera entre M\u00e9xico y Estados Unidos.<\/p>\n\n\n\n<p>El que esta muestra del festival llegue a Oaxaca es una manera de promover la producci\u00f3n nacional e internacional al respecto, pero tambi\u00e9n para motivar a m\u00e1s realizadores a enviar sus trabajos.<\/p>\n\n\n\n<p>Las funciones en la capital oaxaque\u00f1a comenzaron este martes y continuar\u00e1n hasta el viernes. Entre las m\u00e1s de 10 pel\u00edculas cortometrajes que incluye la programaci\u00f3n est\u00e1n: \u00abTe miro cuando despierto\u00bb, \u00abCumplea\u00f1os del cuarto tipo\u00bb, \u00abSilenciados \u00ab, \u00abViejo pozo\u00bb, \u00abLa \u00faltima palabra\u00bb y \u00abEl vocho del averno\u00bb.<\/p>\n\n\n\n<p>La proyecci\u00f3n del 29 de octubre es en la Hemeroteca P\u00fablica \u201cN\u00e9stor S\u00e1nchez Hern\u00e1ndez\u201d, a las 19:00 horas. El jueves 30, a la misma hora, pero en el teatro \u201cJu\u00e1rez\u201d; y el 31 ser\u00e1 en la Biblioteca P\u00fablica Central \u201cMargarita Maza\u201d, a las 19:00 horas. Todas las funciones son de acceso gratuito.<\/p>\n","protected":false},"excerpt":{"rendered":"<p>Lisbeth Mej\u00eda Reyes\/Zona Roja. Oaxaca, Oax., a 29 de octubre de 2025.- Con funciones gratuitas&hellip;<\/p>\n","protected":false},"author":2,"featured_media":86327,"comment_status":"closed","ping_status":"open","sticky":false,"template":"","format":"standard","meta":{"_lmt_disableupdate":"","_lmt_disable":"","_jetpack_memberships_contains_paid_content":false,"footnotes":""},"categories":[109,46],"tags":[4501],"class_list":["post-86326","post","type-post","status-publish","format-standard","has-post-thumbnail","hentry","category-minuto-a-minuto","category-zona-blanca","tag-oculto-film-fest-en-oaxaca"],"jetpack_featured_media_url":"https:\/\/zonaroja.com.mx\/wp-content\/uploads\/2025\/10\/Conferencia-Oculto-Film-Fest.jpg","jetpack_sharing_enabled":true,"_links":{"self":[{"href":"https:\/\/zonaroja.com.mx\/index.php?rest_route=\/wp\/v2\/posts\/86326","targetHints":{"allow":["GET"]}}],"collection":[{"href":"https:\/\/zonaroja.com.mx\/index.php?rest_route=\/wp\/v2\/posts"}],"about":[{"href":"https:\/\/zonaroja.com.mx\/index.php?rest_route=\/wp\/v2\/types\/post"}],"author":[{"embeddable":true,"href":"https:\/\/zonaroja.com.mx\/index.php?rest_route=\/wp\/v2\/users\/2"}],"replies":[{"embeddable":true,"href":"https:\/\/zonaroja.com.mx\/index.php?rest_route=%2Fwp%2Fv2%2Fcomments&post=86326"}],"version-history":[{"count":1,"href":"https:\/\/zonaroja.com.mx\/index.php?rest_route=\/wp\/v2\/posts\/86326\/revisions"}],"predecessor-version":[{"id":86328,"href":"https:\/\/zonaroja.com.mx\/index.php?rest_route=\/wp\/v2\/posts\/86326\/revisions\/86328"}],"wp:featuredmedia":[{"embeddable":true,"href":"https:\/\/zonaroja.com.mx\/index.php?rest_route=\/wp\/v2\/media\/86327"}],"wp:attachment":[{"href":"https:\/\/zonaroja.com.mx\/index.php?rest_route=%2Fwp%2Fv2%2Fmedia&parent=86326"}],"wp:term":[{"taxonomy":"category","embeddable":true,"href":"https:\/\/zonaroja.com.mx\/index.php?rest_route=%2Fwp%2Fv2%2Fcategories&post=86326"},{"taxonomy":"post_tag","embeddable":true,"href":"https:\/\/zonaroja.com.mx\/index.php?rest_route=%2Fwp%2Fv2%2Ftags&post=86326"}],"curies":[{"name":"wp","href":"https:\/\/api.w.org\/{rel}","templated":true}]}}