{"id":86329,"date":"2025-10-29T19:07:28","date_gmt":"2025-10-30T01:07:28","guid":{"rendered":"https:\/\/zonaroja.com.mx\/?p=86329"},"modified":"2025-10-29T19:07:30","modified_gmt":"2025-10-30T01:07:30","slug":"pese-a-intento-de-desalojo-violento-integrantes-de-la-seccion-22-retiran-planton","status":"publish","type":"post","link":"https:\/\/zonaroja.com.mx\/?p=86329","title":{"rendered":"Pese a intento de desalojo violento, integrantes de la Secci\u00f3n 22 retiran \u201cplant\u00f3n\u201d"},"content":{"rendered":"\n<p>Ismael Garc\u00eda M.\/Zona Roja.<\/p>\n\n\n\n<p>Oaxaca, Oax., a 29 de octubre de 2025.- A pesar del intento de desalojo violento anoche, con la presencia en la zona del titular del IEEPO, Emilio Montero, supervisores y jefes de sector de la Secci\u00f3n 22 del SNTE levantaron esta tarde su \u201cplant\u00f3n\u201d.<\/p>\n\n\n\n<p>La movilizaci\u00f3n la iniciaron hace poco m\u00e1s de un mes, con bloqueo de calles del centro de la ciudad de Oaxaca en diversas fechas y campamento en el corredor exterior del Palacio de Gobierno.<\/p>\n\n\n\n<p>La demanda central: recategorizaciones de 103 directores a supervisores y 28 supervisores a jefes de sector.<\/p>\n\n\n\n<p>Anoche, el Instituto Estatal de Educaci\u00f3n P\u00fablica difundi\u00f3 un documento en que confirmaba la respuesta positiva a esas demandas, con cargo a los 800 millones de pesos autorizados por el gobierno federal, pero que ser\u00e1n concretados en enero del pr\u00f3ximo a\u00f1o.<\/p>\n\n\n\n<p>En ese contexto, personal de la Secretar\u00eda de Gobierno (Sego) intent\u00f3 efectuar un desalojo violento de los inconformes, encabezados por el profesor Erangelio Mendoza, ex dirigente magisterial.<\/p>\n\n\n\n<p>En la zona del z\u00f3calo estuvo atestiguando la medida el titular del IEEPO, Emilio Montero P\u00e9rez, sin acercarse a los inconformes, que se quedaron toda la noche ayer.<\/p>\n\n\n\n<p>Previo a ello, en un documento, la Secretar\u00eda de Gobierno confirm\u00f3 la solicitud que hizo por escrito a los manifestantes para que se retiraran en la zona del Palacio de Gobierno, a fin de instalar un tapete monumental en el corredor, con motivo del D\u00eda de Muertos, \u00abque recibir\u00e1 la visita de m\u00e1s de 50 mil personas y por recomendaci\u00f3n de Protecci\u00f3n Civil no puede permanecer ning\u00fan tipo de manifestaci\u00f3n para evitar alguna contingencia\u00bb; en su caso, les hab\u00eda ofrecido como espacio de protesta el Gimnasio Universitario. <\/p>\n\n\n\n<p>Por la ma\u00f1ana, los supervisores y jefes de sector tuvieron una asamblea, en que determinaron levantar su \u201cplant\u00f3n\u201d, por la tarde, con un \u201crepliegue t\u00e1ctico\u201d, pero amagaron con regresar en enero, si no se confirmaban los pagos y los ascensos.<\/p>\n\n\n\n<figure class=\"wp-block-embed is-type-rich is-provider-twitter wp-block-embed-twitter\"><div class=\"wp-block-embed__wrapper\">\n<div class=\"twitter-tweet\"><blockquote class=\"twitter-tweet\" data-lang=\"es\"><p lang=\"es\" dir=\"ltr\"><a href=\"https:\/\/twitter.com\/hashtag\/AlMomento?src=hash&amp;ref_src=twsrc%5Etfw\">#AlMomento<\/a><br>Y as\u00ed qued\u00f3 despejado, por fin, el corredor exterior del Palacio de Gobierno de Oaxaca, tras m\u00e1s de un mes de \u201cplant\u00f3n\u201d por parte de supervisores y jefes de sector del magisterio estatal. <a href=\"https:\/\/t.co\/Eu7yUTG0jI\">pic.twitter.com\/Eu7yUTG0jI<\/a><\/p>&mdash; Zona Roja Oaxaca (@ZonaRoja_Oaxaca) <a href=\"https:\/\/twitter.com\/ZonaRoja_Oaxaca\/status\/1983691026301907067?ref_src=twsrc%5Etfw\">30 de octubre de 2025<\/a><\/blockquote><\/div>\n<\/div><\/figure>\n","protected":false},"excerpt":{"rendered":"<p>Ismael Garc\u00eda M.\/Zona Roja. Oaxaca, Oax., a 29 de octubre de 2025.- A pesar del&hellip;<\/p>\n","protected":false},"author":2,"featured_media":86330,"comment_status":"closed","ping_status":"open","sticky":false,"template":"","format":"standard","meta":{"_lmt_disableupdate":"","_lmt_disable":"","_jetpack_memberships_contains_paid_content":false,"footnotes":""},"categories":[1],"tags":[],"class_list":["post-86329","post","type-post","status-publish","format-standard","has-post-thumbnail","hentry","category-sin-categoria"],"jetpack_featured_media_url":"https:\/\/zonaroja.com.mx\/wp-content\/uploads\/2025\/10\/Supervisores-y-jefes-de-sector-retiran-planton-del-palacio-Oaxaca.jpg","jetpack_sharing_enabled":true,"_links":{"self":[{"href":"https:\/\/zonaroja.com.mx\/index.php?rest_route=\/wp\/v2\/posts\/86329","targetHints":{"allow":["GET"]}}],"collection":[{"href":"https:\/\/zonaroja.com.mx\/index.php?rest_route=\/wp\/v2\/posts"}],"about":[{"href":"https:\/\/zonaroja.com.mx\/index.php?rest_route=\/wp\/v2\/types\/post"}],"author":[{"embeddable":true,"href":"https:\/\/zonaroja.com.mx\/index.php?rest_route=\/wp\/v2\/users\/2"}],"replies":[{"embeddable":true,"href":"https:\/\/zonaroja.com.mx\/index.php?rest_route=%2Fwp%2Fv2%2Fcomments&post=86329"}],"version-history":[{"count":1,"href":"https:\/\/zonaroja.com.mx\/index.php?rest_route=\/wp\/v2\/posts\/86329\/revisions"}],"predecessor-version":[{"id":86331,"href":"https:\/\/zonaroja.com.mx\/index.php?rest_route=\/wp\/v2\/posts\/86329\/revisions\/86331"}],"wp:featuredmedia":[{"embeddable":true,"href":"https:\/\/zonaroja.com.mx\/index.php?rest_route=\/wp\/v2\/media\/86330"}],"wp:attachment":[{"href":"https:\/\/zonaroja.com.mx\/index.php?rest_route=%2Fwp%2Fv2%2Fmedia&parent=86329"}],"wp:term":[{"taxonomy":"category","embeddable":true,"href":"https:\/\/zonaroja.com.mx\/index.php?rest_route=%2Fwp%2Fv2%2Fcategories&post=86329"},{"taxonomy":"post_tag","embeddable":true,"href":"https:\/\/zonaroja.com.mx\/index.php?rest_route=%2Fwp%2Fv2%2Ftags&post=86329"}],"curies":[{"name":"wp","href":"https:\/\/api.w.org\/{rel}","templated":true}]}}