{"id":86336,"date":"2025-10-29T21:38:36","date_gmt":"2025-10-30T03:38:36","guid":{"rendered":"https:\/\/zonaroja.com.mx\/?p=86336"},"modified":"2025-10-29T21:38:37","modified_gmt":"2025-10-30T03:38:37","slug":"oaxaca-de-juarez-ciudad-segura-y-con-confianza-para-invertir-ray-chagoya","status":"publish","type":"post","link":"https:\/\/zonaroja.com.mx\/?p=86336","title":{"rendered":"Oaxaca de Ju\u00e1rez, ciudad segura y con confianza para invertir: Ray Chagoya"},"content":{"rendered":"\n<p>Redacci\u00f3n\/Zona Roja.<\/p>\n\n\n\n<p>Oaxaca, Oax., a 29 de octubre de 2025.- El presidente municipal de Oaxaca de Ju\u00e1rez, Ray Chagoya, acompa\u00f1\u00f3 al gobernador Salom\u00f3n Jara Cruz en la conferencia de prensa donde se presentaron dos importantes proyectos de inversi\u00f3n privada para la capital:&nbsp;<\/p>\n\n\n\n<p>Un complejo comercial de primer nivel y un nuevo complejo m\u00e9dico que fortalecer\u00e1n la econom\u00eda local y la calidad de vida de las familias oaxaque\u00f1as.<\/p>\n\n\n\n<p>Durante su participaci\u00f3n, Ray Chagoya afirm\u00f3 que Oaxaca de Ju\u00e1rez es una ciudad segura, ordenada y con confianza para invertir, donde el gobierno municipal garantiza certeza jur\u00eddica y acompa\u00f1amiento a quienes apuestan por el desarrollo de la capital.<\/p>\n\n\n\n<p>\u201cEl trabajo coordinado con el gobernador Salom\u00f3n Jara est\u00e1 dando resultados concretos. Acompa\u00f1amos cada inversi\u00f3n para que cumpla con los lineamientos y la normativa municipal, con transparencia, legalidad y responsabilidad social\u201d, destac\u00f3 el edil.<\/p>\n\n\n\n<p>Subray\u00f3 que estos proyectos est\u00e1n dise\u00f1ados para impulsar la econom\u00eda de las y los vecinos, fortalecer el comercio local y generar empleos, consolidando a Oaxaca de Ju\u00e1rez como una ciudad que brinda oportunidades y crecimiento.<\/p>\n\n\n\n<p>Con esta visi\u00f3n compartida entre los gobiernos estatal y municipal, Oaxaca de Ju\u00e1rez se consolida como una capital moderna, segura y abierta a la inversi\u00f3n, donde el desarrollo llega con orden y bienestar para todas y todos.<\/p>\n\n\n\n<figure class=\"wp-block-embed is-type-rich is-provider-twitter wp-block-embed-twitter\"><div class=\"wp-block-embed__wrapper\">\n<div class=\"twitter-tweet\"><blockquote class=\"twitter-tweet\" data-lang=\"es\"><p lang=\"es\" dir=\"ltr\">Invitado a la conferencia por el gobernador <a href=\"https:\/\/twitter.com\/salomonj?ref_src=twsrc%5Etfw\">@salomonj<\/a>, el presidente municipal de Oaxaca de Ju\u00e1rez, <a href=\"https:\/\/twitter.com\/raychagoya?ref_src=twsrc%5Etfw\">@raychagoya<\/a>, destac\u00f3 las inversiones recientes anunciadas para la capital, como el Parque Oaxaca y el complejo m\u00e9dico Fifty Doctors, que traer\u00e1n beneficios para todos los sectores;\u2026 <a href=\"https:\/\/t.co\/56jnNFJUBX\">pic.twitter.com\/56jnNFJUBX<\/a><\/p>&mdash; Zona Roja Oaxaca (@ZonaRoja_Oaxaca) <a href=\"https:\/\/twitter.com\/ZonaRoja_Oaxaca\/status\/1983605675474456708?ref_src=twsrc%5Etfw\">29 de octubre de 2025<\/a><\/blockquote><\/div>\n<\/div><\/figure>\n","protected":false},"excerpt":{"rendered":"<p>Redacci\u00f3n\/Zona Roja. Oaxaca, Oax., a 29 de octubre de 2025.- El presidente municipal de Oaxaca&hellip;<\/p>\n","protected":false},"author":2,"featured_media":86337,"comment_status":"closed","ping_status":"open","sticky":false,"template":"","format":"standard","meta":{"_lmt_disableupdate":"","_lmt_disable":"","_jetpack_memberships_contains_paid_content":false,"footnotes":""},"categories":[109,46],"tags":[148,4403],"class_list":["post-86336","post","type-post","status-publish","format-standard","has-post-thumbnail","hentry","category-minuto-a-minuto","category-zona-blanca","tag-oaxaca-de-juarez","tag-ray-chagoya"],"jetpack_featured_media_url":"https:\/\/zonaroja.com.mx\/wp-content\/uploads\/2025\/10\/Presidente-municipal-ciudad-de-Oaxaca.jpeg","jetpack_sharing_enabled":true,"_links":{"self":[{"href":"https:\/\/zonaroja.com.mx\/index.php?rest_route=\/wp\/v2\/posts\/86336","targetHints":{"allow":["GET"]}}],"collection":[{"href":"https:\/\/zonaroja.com.mx\/index.php?rest_route=\/wp\/v2\/posts"}],"about":[{"href":"https:\/\/zonaroja.com.mx\/index.php?rest_route=\/wp\/v2\/types\/post"}],"author":[{"embeddable":true,"href":"https:\/\/zonaroja.com.mx\/index.php?rest_route=\/wp\/v2\/users\/2"}],"replies":[{"embeddable":true,"href":"https:\/\/zonaroja.com.mx\/index.php?rest_route=%2Fwp%2Fv2%2Fcomments&post=86336"}],"version-history":[{"count":1,"href":"https:\/\/zonaroja.com.mx\/index.php?rest_route=\/wp\/v2\/posts\/86336\/revisions"}],"predecessor-version":[{"id":86338,"href":"https:\/\/zonaroja.com.mx\/index.php?rest_route=\/wp\/v2\/posts\/86336\/revisions\/86338"}],"wp:featuredmedia":[{"embeddable":true,"href":"https:\/\/zonaroja.com.mx\/index.php?rest_route=\/wp\/v2\/media\/86337"}],"wp:attachment":[{"href":"https:\/\/zonaroja.com.mx\/index.php?rest_route=%2Fwp%2Fv2%2Fmedia&parent=86336"}],"wp:term":[{"taxonomy":"category","embeddable":true,"href":"https:\/\/zonaroja.com.mx\/index.php?rest_route=%2Fwp%2Fv2%2Fcategories&post=86336"},{"taxonomy":"post_tag","embeddable":true,"href":"https:\/\/zonaroja.com.mx\/index.php?rest_route=%2Fwp%2Fv2%2Ftags&post=86336"}],"curies":[{"name":"wp","href":"https:\/\/api.w.org\/{rel}","templated":true}]}}