{"id":86343,"date":"2025-10-30T07:15:00","date_gmt":"2025-10-30T13:15:00","guid":{"rendered":"https:\/\/zonaroja.com.mx\/?p=86343"},"modified":"2025-10-30T07:01:32","modified_gmt":"2025-10-30T13:01:32","slug":"tras-negociaciones-acusa-la-seccion-22-represion-del-estado","status":"publish","type":"post","link":"https:\/\/zonaroja.com.mx\/?p=86343","title":{"rendered":"Tras negociaciones, acusa la Secci\u00f3n 22 represi\u00f3n del Estado"},"content":{"rendered":"\n<p>Ismael Garc\u00eda M.\/Zona Roja.<\/p>\n\n\n\n<p>Oaxaca, Oax., a 30 de octubre de 2025.- Luego de negociaciones con el gobierno para la atenci\u00f3n de diversas demandas, la Secci\u00f3n 22 del Sindicato Nacional de Trabajadores de la Educaci\u00f3n (SNTE) acus\u00f3 represi\u00f3n y violencia por parte del Estado.<\/p>\n\n\n\n<p>En un comunicado, cit\u00f3 tres casos espec\u00edficos: el amago de desalojo contra estudiantes normalistas, as\u00ed como de supervisores y jefes de sector, y hechos violentos contra su secretario de Previsi\u00f3n y Asistencia Social, \u00c9rick Giovani V\u00e1squez Victoria.<\/p>\n\n\n\n<p>\u201cLa Secci\u00f3n XXII de la SNTE-CNTE condena la ola de represi\u00f3n pol\u00edtica, agresiones medi\u00e1ticas y actos de hostigamiento perpetrados en las \u00faltimas horas por el Gobierno del Estado de Oaxaca y sus operadores pol\u00edticos, en un intento por criminalizar la protesta social y desviar la atenci\u00f3n de las leg\u00edtimas demandas del magisterio democr\u00e1tico\u201d, difundi\u00f3.<\/p>\n\n\n\n<p>Del profesor \u00c9rick Giovani, expuso que en los \u00faltimos d\u00edas ha sido v\u00edctima de amenazas, hostigamiento, difamaci\u00f3n y robo de su veh\u00edculo, \u201cen una clara acci\u00f3n de persecuci\u00f3n pol\u00edtica contra su labor sindical\u201d.<\/p>\n\n\n\n<p>Denunci\u00f3 que estas agresiones no son hechos aislados, sino parte de una estrategia \u201corquestada por medios serviles al Estado\u201d, con el objetivo de desacreditar, intimidar y dividir al movimiento democr\u00e1tico magisterial.<\/p>\n\n\n\n<p>Del caso de los normalistas, que fueron retirados el pasado martes por la ma\u00f1ana en el centro de la ciudad de Oaxaca, acus\u00f3 el uso de la fuerza p\u00fablica por parte de la Polic\u00eda Estatal.<\/p>\n\n\n\n<p>\u201cEl propio titular de la Secretar\u00eda de Seguridad P\u00fablica y Protecci\u00f3n Ciudadana<\/p>\n\n\n\n<p>(SSPC), Iv\u00e1n Garc\u00eda \u00c1lvarez, confirm\u00f3 que por instrucci\u00f3n de la Secretar\u00eda de<\/p>\n\n\n\n<p>Gobierno (Segob), se proceder\u00e1 desalojar a quienes \u2018no tengan raz\u00f3n para bloquear\u2019, una amenaza directa contra el derecho constitucional a la protesta social.&nbsp;<\/p>\n\n\n\n<p>Respecto a los supervisores y jefes de sector \u2014que mantuvieron por m\u00e1s de un mes un \u201cplant\u00f3n\u201d en el exterior del Palacio de Gobierno y que ayer se retiraron\u2014, reclam\u00f3 el intento de desalojo de su campamento, la noche del martes.<\/p>\n\n\n\n<p>\u201cLa Secci\u00f3n XXII del SNTE-CNTE deja claro que ninguna campa\u00f1a de difamaci\u00f3n, ni el uso de la fuerza p\u00fablica, detendr\u00e1 la organizaci\u00f3n y movilizaci\u00f3n del magisterio oaxaque\u00f1o. La dignidad de la base<\/p>\n\n\n\n<p>trabajadora y de los pueblos de Oaxaca no se negocia ni se doblega\u201d, manifest\u00f3 en su comunicado emitido anoche.<\/p>\n\n\n\n<p>El pasado viernes, la dirigencia sindical del magisterio sostuvo una reuni\u00f3n de alto nivel con titulares de las secretar\u00edas de Gobernaci\u00f3n, de Educaci\u00f3n P\u00fablica y del ISSSTE, as\u00ed como el gobernador Salom\u00f3n Jara Cruz, donde se atendieron la mayor\u00eda de las demandas.<\/p>\n\n\n\n<p>La noche del martes, la dirigencia de supervisores y jefes de sector, encabezados por Erangelio Mendoza, se reunieron con autoridades estatales tras lo cual ayer acordaron el retiro de su protesta.<\/p>\n","protected":false},"excerpt":{"rendered":"<p>Ismael Garc\u00eda M.\/Zona Roja. Oaxaca, Oax., a 30 de octubre de 2025.- Luego de negociaciones&hellip;<\/p>\n","protected":false},"author":2,"featured_media":86344,"comment_status":"closed","ping_status":"open","sticky":false,"template":"","format":"standard","meta":{"_lmt_disableupdate":"","_lmt_disable":"","_jetpack_memberships_contains_paid_content":false,"footnotes":""},"categories":[109,47],"tags":[312],"class_list":["post-86343","post","type-post","status-publish","format-standard","has-post-thumbnail","hentry","category-minuto-a-minuto","category-zona-gris","tag-seccion-22-del-snte"],"jetpack_featured_media_url":"https:\/\/zonaroja.com.mx\/wp-content\/uploads\/2025\/10\/Protesta-Seccion-22-SNTE.jpg","jetpack_sharing_enabled":true,"_links":{"self":[{"href":"https:\/\/zonaroja.com.mx\/index.php?rest_route=\/wp\/v2\/posts\/86343","targetHints":{"allow":["GET"]}}],"collection":[{"href":"https:\/\/zonaroja.com.mx\/index.php?rest_route=\/wp\/v2\/posts"}],"about":[{"href":"https:\/\/zonaroja.com.mx\/index.php?rest_route=\/wp\/v2\/types\/post"}],"author":[{"embeddable":true,"href":"https:\/\/zonaroja.com.mx\/index.php?rest_route=\/wp\/v2\/users\/2"}],"replies":[{"embeddable":true,"href":"https:\/\/zonaroja.com.mx\/index.php?rest_route=%2Fwp%2Fv2%2Fcomments&post=86343"}],"version-history":[{"count":1,"href":"https:\/\/zonaroja.com.mx\/index.php?rest_route=\/wp\/v2\/posts\/86343\/revisions"}],"predecessor-version":[{"id":86345,"href":"https:\/\/zonaroja.com.mx\/index.php?rest_route=\/wp\/v2\/posts\/86343\/revisions\/86345"}],"wp:featuredmedia":[{"embeddable":true,"href":"https:\/\/zonaroja.com.mx\/index.php?rest_route=\/wp\/v2\/media\/86344"}],"wp:attachment":[{"href":"https:\/\/zonaroja.com.mx\/index.php?rest_route=%2Fwp%2Fv2%2Fmedia&parent=86343"}],"wp:term":[{"taxonomy":"category","embeddable":true,"href":"https:\/\/zonaroja.com.mx\/index.php?rest_route=%2Fwp%2Fv2%2Fcategories&post=86343"},{"taxonomy":"post_tag","embeddable":true,"href":"https:\/\/zonaroja.com.mx\/index.php?rest_route=%2Fwp%2Fv2%2Ftags&post=86343"}],"curies":[{"name":"wp","href":"https:\/\/api.w.org\/{rel}","templated":true}]}}