{"id":86348,"date":"2025-10-30T09:15:00","date_gmt":"2025-10-30T15:15:00","guid":{"rendered":"https:\/\/zonaroja.com.mx\/?p=86348"},"modified":"2025-10-30T07:09:57","modified_gmt":"2025-10-30T13:09:57","slug":"disminuye-la-actividad-economica-en-oaxaca-en-2-7-por-ciento","status":"publish","type":"post","link":"https:\/\/zonaroja.com.mx\/?p=86348","title":{"rendered":"Disminuye la actividad econ\u00f3mica en Oaxaca en 2.7 por ciento\u00a0"},"content":{"rendered":"\n<p>Lisbeth Mej\u00eda Reyes\/Zona Roja.<\/p>\n\n\n\n<p>Oaxaca, Oax., a 30 de octubre de 2025.- La actividad econ\u00f3mica en el estado de Oaxaca baj\u00f3 un 2.7 por ciento anual durante el segundo trimestre del 2025, de acuerdo con lo reportado este mi\u00e9rcoles por el Instituto Nacional de Estad\u00edstica y Geograf\u00eda (INEGI).&nbsp;<\/p>\n\n\n\n<p>Debido a esa ca\u00edda en el total de la actividad econ\u00f3mica anual, Oaxaca se ubic\u00f3 en el lugar 27, con -0.05 puntos porcentuales con respecto a la variaci\u00f3n nacional.<\/p>\n\n\n\n<p>Sin embargo, si solamente se compara con el primer trimestre del 2025, la disminuci\u00f3n fue del 2.3 por ciento.<\/p>\n\n\n\n<p>En cambio, entidades como Hidalgo (con 3.1), &nbsp;Michoac\u00e1n (con 3.0) y Guanajuato (2.9) aumentaron su actividad econ\u00f3mica entre el primer y segundo trimestre del a\u00f1o, seg\u00fan el m\u00e1s recinto reporte del Indicador Trimestral de la Actividad Econ\u00f3mica Estatal (ITAEE).<\/p>\n\n\n\n<p>OTROS SECTORES<\/p>\n\n\n\n<p>La disminuci\u00f3n anual de la actividad econ\u00f3mica en Oaxaca se registr\u00f3 en los sectores de las actividades secundarias (de la industria minera y manufacturera, por ejemplo) y terciarias (las de bienes y servicios).&nbsp;<\/p>\n\n\n\n<p>Sin embargo, mostr\u00f3 un incremento en el sector primario, que engloba a la agricultura, la ganader\u00eda y la pesca. Es decir, las actividades del campo o del mar.<\/p>\n\n\n\n<p>Las actividades secundarias y terciarias bajaron en un 5.1 y 1.7 %, respectivamente, mientras que las primarias avanzaron 4.5 %, detalla el INEGI sobre el segundo piso del 2025 y en comparaci\u00f3n con el mismo trimestre del 2024.<\/p>\n\n\n\n<p>Pero a\u00fan con la disminuci\u00f3n registrada entre abril y julio, Oaxaca lleva hasta el momento un crecimiento acumulado del 1.2 por ciento durante el periodo enero a junio de 2025.&nbsp;<\/p>\n\n\n\n<p>En ese semestre, el incremento en las actividades primarias y secundarias fue de 6.5 y 4.2 %, respectivamente; por su parte, las terciarias disminuyeron 1.1 %.<\/p>\n","protected":false},"excerpt":{"rendered":"<p>Lisbeth Mej\u00eda Reyes\/Zona Roja. Oaxaca, Oax., a 30 de octubre de 2025.- La actividad econ\u00f3mica&hellip;<\/p>\n","protected":false},"author":2,"featured_media":86349,"comment_status":"closed","ping_status":"open","sticky":false,"template":"","format":"standard","meta":{"_lmt_disableupdate":"","_lmt_disable":"","_jetpack_memberships_contains_paid_content":false,"footnotes":""},"categories":[109,47],"tags":[],"class_list":["post-86348","post","type-post","status-publish","format-standard","has-post-thumbnail","hentry","category-minuto-a-minuto","category-zona-gris"],"jetpack_featured_media_url":"https:\/\/zonaroja.com.mx\/wp-content\/uploads\/2025\/10\/Mineria.jpg","jetpack_sharing_enabled":true,"_links":{"self":[{"href":"https:\/\/zonaroja.com.mx\/index.php?rest_route=\/wp\/v2\/posts\/86348","targetHints":{"allow":["GET"]}}],"collection":[{"href":"https:\/\/zonaroja.com.mx\/index.php?rest_route=\/wp\/v2\/posts"}],"about":[{"href":"https:\/\/zonaroja.com.mx\/index.php?rest_route=\/wp\/v2\/types\/post"}],"author":[{"embeddable":true,"href":"https:\/\/zonaroja.com.mx\/index.php?rest_route=\/wp\/v2\/users\/2"}],"replies":[{"embeddable":true,"href":"https:\/\/zonaroja.com.mx\/index.php?rest_route=%2Fwp%2Fv2%2Fcomments&post=86348"}],"version-history":[{"count":1,"href":"https:\/\/zonaroja.com.mx\/index.php?rest_route=\/wp\/v2\/posts\/86348\/revisions"}],"predecessor-version":[{"id":86350,"href":"https:\/\/zonaroja.com.mx\/index.php?rest_route=\/wp\/v2\/posts\/86348\/revisions\/86350"}],"wp:featuredmedia":[{"embeddable":true,"href":"https:\/\/zonaroja.com.mx\/index.php?rest_route=\/wp\/v2\/media\/86349"}],"wp:attachment":[{"href":"https:\/\/zonaroja.com.mx\/index.php?rest_route=%2Fwp%2Fv2%2Fmedia&parent=86348"}],"wp:term":[{"taxonomy":"category","embeddable":true,"href":"https:\/\/zonaroja.com.mx\/index.php?rest_route=%2Fwp%2Fv2%2Fcategories&post=86348"},{"taxonomy":"post_tag","embeddable":true,"href":"https:\/\/zonaroja.com.mx\/index.php?rest_route=%2Fwp%2Fv2%2Ftags&post=86348"}],"curies":[{"name":"wp","href":"https:\/\/api.w.org\/{rel}","templated":true}]}}