{"id":86354,"date":"2025-10-30T11:15:00","date_gmt":"2025-10-30T17:15:00","guid":{"rendered":"https:\/\/zonaroja.com.mx\/?p=86354"},"modified":"2025-10-30T07:23:01","modified_gmt":"2025-10-30T13:23:01","slug":"carniceria-operativo-policial-en-favela-de-rio-de-janeiro-deja-119-fallecidos","status":"publish","type":"post","link":"https:\/\/zonaroja.com.mx\/?p=86354","title":{"rendered":"Carnicer\u00eda: operativo policial en favela de R\u00edo de Janeiro deja 119 fallecidos"},"content":{"rendered":"\n<p>Redacci\u00f3n\/Zona Roja Cdmx.<\/p>\n\n\n\n<p>(Informaci\u00f3n de \u201cLa Jornada\u201d)<\/p>\n\n\n\n<p>Ciudad de M\u00e9xico, a 30 de octubre de 2025.- Entre sollozos y el olor de cad\u00e1veres, vecinos de una favela del norte de R\u00edo de Janeiro recuperaron decenas de cuerpos un d\u00eda despu\u00e9s de la megaoperaci\u00f3n policial m\u00e1s mortal de Brasil, que dej\u00f3 al menos 119 fallecidos, seg\u00fan cifras oficiales; sin embargo, la Defensor\u00eda P\u00fablica los tas\u00f3 en 132.<\/p>\n\n\n\n<p>Un periodista de Afp vio un decapitado, otro cuerpo con la cabeza destrozada y algunos habitantes denunciaron ejecuciones.<\/p>\n\n\n\n<p>El letal operativo, que se produjo una semana antes de que Brasil acoja la COP30 en la ciudad amaz\u00f3nica de Bel\u00e9m, ten\u00eda la finalidad de debilitar el Comando Vermelho, el principal grupo criminal de R\u00edo que opera en las favelas. Las autoridades precisaron que de los fallecidos 115 eran sospechosos de ser delincuentes y cuatro polic\u00edas.<\/p>\n\n\n\n<p>El gobernador del estado, Cl\u00e1udio Castro, aliado del ex presidente ultraderechista Jair Bolsonaro, coment\u00f3 que el operativo \u201cfue un \u00e9xito\u201d, al destacar que las \u00fanicas v\u00edctimas fueron los cuatro uniformados.<\/p>\n\n\n\n<p>Por su parte, el presidente brasile\u00f1o, Luiz In\u00e1cio Lula da Silva, se dijo \u201chorrorizado\u201d, indic\u00f3 su ministro de Justicia, Ricardo Lewandowski, quien afirm\u00f3 que el gobierno central no tuvo conocimiento previo de la operaci\u00f3n.<\/p>\n\n\n\n<p>Los cad\u00e1veres hallados por los residentes fueron dispuestos cerca de una de las principales v\u00edas del Complejo da Penha, una de las zonas donde tuvo lugar la operaci\u00f3n, que dej\u00f3 escenas de guerra en esta ciudad.<\/p>\n\n\n\n<p>\u201cHay personas ejecutadas, muchas de ellas con un tiro en la nuca, un tiro por la espalda, esto no puede ser considerado seguridad p\u00fablica\u201d, afirm\u00f3 el vecino y activista Raull Santiago, de 36 a\u00f1os.<\/p>\n\n\n\n<p>\u201cDegollaron a mi hijo, le cortaron el cuello, colgaron (la cabeza) en un \u00e1rbol como un trofeo\u201d, cont\u00f3 a la Afp fuera de la morgue Raquel Tomas, madre de Iago Ravel, de 19 a\u00f1os.<\/p>\n\n\n\n<p>Anteayer hubo tiroteos, incendios y enfrentamientos entre las fuerzas del orden y presuntos criminales que usaron autobuses de barricadas y drones para lanzar bombas.<\/p>\n","protected":false},"excerpt":{"rendered":"<p>Redacci\u00f3n\/Zona Roja Cdmx. (Informaci\u00f3n de \u201cLa Jornada\u201d) Ciudad de M\u00e9xico, a 30 de octubre de&hellip;<\/p>\n","protected":false},"author":2,"featured_media":86355,"comment_status":"closed","ping_status":"open","sticky":false,"template":"","format":"standard","meta":{"_lmt_disableupdate":"","_lmt_disable":"","_jetpack_memberships_contains_paid_content":false,"footnotes":""},"categories":[109,47],"tags":[4503],"class_list":["post-86354","post","type-post","status-publish","format-standard","has-post-thumbnail","hentry","category-minuto-a-minuto","category-zona-gris","tag-rio-de-janeiro"],"jetpack_featured_media_url":"https:\/\/zonaroja.com.mx\/wp-content\/uploads\/2025\/10\/Megaoperativo-Rio-de-Janeiro.webp","jetpack_sharing_enabled":true,"_links":{"self":[{"href":"https:\/\/zonaroja.com.mx\/index.php?rest_route=\/wp\/v2\/posts\/86354","targetHints":{"allow":["GET"]}}],"collection":[{"href":"https:\/\/zonaroja.com.mx\/index.php?rest_route=\/wp\/v2\/posts"}],"about":[{"href":"https:\/\/zonaroja.com.mx\/index.php?rest_route=\/wp\/v2\/types\/post"}],"author":[{"embeddable":true,"href":"https:\/\/zonaroja.com.mx\/index.php?rest_route=\/wp\/v2\/users\/2"}],"replies":[{"embeddable":true,"href":"https:\/\/zonaroja.com.mx\/index.php?rest_route=%2Fwp%2Fv2%2Fcomments&post=86354"}],"version-history":[{"count":1,"href":"https:\/\/zonaroja.com.mx\/index.php?rest_route=\/wp\/v2\/posts\/86354\/revisions"}],"predecessor-version":[{"id":86356,"href":"https:\/\/zonaroja.com.mx\/index.php?rest_route=\/wp\/v2\/posts\/86354\/revisions\/86356"}],"wp:featuredmedia":[{"embeddable":true,"href":"https:\/\/zonaroja.com.mx\/index.php?rest_route=\/wp\/v2\/media\/86355"}],"wp:attachment":[{"href":"https:\/\/zonaroja.com.mx\/index.php?rest_route=%2Fwp%2Fv2%2Fmedia&parent=86354"}],"wp:term":[{"taxonomy":"category","embeddable":true,"href":"https:\/\/zonaroja.com.mx\/index.php?rest_route=%2Fwp%2Fv2%2Fcategories&post=86354"},{"taxonomy":"post_tag","embeddable":true,"href":"https:\/\/zonaroja.com.mx\/index.php?rest_route=%2Fwp%2Fv2%2Ftags&post=86354"}],"curies":[{"name":"wp","href":"https:\/\/api.w.org\/{rel}","templated":true}]}}