{"id":8636,"date":"2020-02-10T22:19:20","date_gmt":"2020-02-11T04:19:20","guid":{"rendered":"http:\/\/www.zonaroja.com.mx\/?p=8636"},"modified":"2020-02-11T07:33:33","modified_gmt":"2020-02-11T13:33:33","slug":"decomisan-metanfetamina-en-aeropuerto-de-oaxaca-iba-a-empresa-de-paqueteria","status":"publish","type":"post","link":"https:\/\/zonaroja.com.mx\/?p=8636","title":{"rendered":"Decomisan metanfetamina en aeropuerto de Oaxaca; iba a empresa de paqueter\u00eda"},"content":{"rendered":"\n<p>Redacci\u00f3n\/Zona Roja.<\/p>\n\n\n\n<p>Oaxaca de Ju\u00e1rez, Oax., 10 de febrero\nde 2020.- Personal de la Guardia Nacional asegur\u00f3 hoy un cargamento de\nmetanfetamina en el aeropuerto internacional \u201cBenito Ju\u00e1rez\u201d de Oaxaca, ubicado\nen jurisdicci\u00f3n de Santa Cruz Xoxocotl\u00e1n.<\/p>\n\n\n\n<p>La droga habr\u00eda sido enviada por el C\u00e1rtel\nde Jalisco Nueva Generaci\u00f3n (CJNG), proced\u00eda de Guadalajara, Jalisco, e iba a\nuna empresa de paqueter\u00eda de la capital oaxaque\u00f1a.<\/p>\n\n\n\n<p>La droga incautada ven\u00eda en 106 envases\ncirculares y que al ser analizado en el laboratorio result\u00f3 ser metanfetamina;\nten\u00eda un peso de 11.28 kilos aproximadamente y estar\u00eda valuada en varios\nmillones de pesos.<\/p>\n\n\n\n<p>Tras el aseguramiento, la misma fue puesto\na disposici\u00f3n del Ministerio P\u00fablico de la Fiscal\u00eda General de la Rep\u00fablica,\ndelegaci\u00f3n Oaxaca, a fin de deslindar responsabilidades.<\/p>\n\n\n\n<p>ATACAN A FAMILIA<\/p>\n\n\n\n<p>Por otra parte, una familia fue atacada\nen Putla Villa de Guerrero, la ma\u00f1ana de este lunes.<\/p>\n\n\n\n<p>Personas desconocidas arribaron a un\ndomicilio en la calle Independencia de la colonia Bosques de las Lomas &#8211;donde hace\nunos d\u00edas mataron tambi\u00e9n a una familia&#8211; y dispararon en contra de los\nocupantes.<\/p>\n\n\n\n<p>Mar\u00eda S. L., de 32 a\u00f1os de edad, y su\nhijo Mois\u00e9s, de 14 a\u00f1os, resultaron con heridas leves, por lo que fueron\ntrasladados al hospital cercano.<\/p>\n\n\n\n<p>Hasta el momento se ignora la identidad\nde los agresores.<\/p>\n","protected":false},"excerpt":{"rendered":"<p>Redacci\u00f3n\/Zona Roja. Oaxaca de Ju\u00e1rez, Oax., 10 de febrero de 2020.- Personal de la Guardia&hellip;<\/p>\n","protected":false},"author":2,"featured_media":8637,"comment_status":"closed","ping_status":"open","sticky":false,"template":"","format":"standard","meta":{"_lmt_disableupdate":"","_lmt_disable":"","_jetpack_memberships_contains_paid_content":false,"footnotes":""},"categories":[109,51],"tags":[1357],"class_list":["post-8636","post","type-post","status-publish","format-standard","has-post-thumbnail","hentry","category-minuto-a-minuto","category-zona-roja","tag-metanfetaminas-oaxaca"],"jetpack_featured_media_url":"https:\/\/zonaroja.com.mx\/wp-content\/uploads\/2020\/02\/metanfetaminas.jpg","jetpack_sharing_enabled":true,"_links":{"self":[{"href":"https:\/\/zonaroja.com.mx\/index.php?rest_route=\/wp\/v2\/posts\/8636","targetHints":{"allow":["GET"]}}],"collection":[{"href":"https:\/\/zonaroja.com.mx\/index.php?rest_route=\/wp\/v2\/posts"}],"about":[{"href":"https:\/\/zonaroja.com.mx\/index.php?rest_route=\/wp\/v2\/types\/post"}],"author":[{"embeddable":true,"href":"https:\/\/zonaroja.com.mx\/index.php?rest_route=\/wp\/v2\/users\/2"}],"replies":[{"embeddable":true,"href":"https:\/\/zonaroja.com.mx\/index.php?rest_route=%2Fwp%2Fv2%2Fcomments&post=8636"}],"version-history":[{"count":1,"href":"https:\/\/zonaroja.com.mx\/index.php?rest_route=\/wp\/v2\/posts\/8636\/revisions"}],"predecessor-version":[{"id":8638,"href":"https:\/\/zonaroja.com.mx\/index.php?rest_route=\/wp\/v2\/posts\/8636\/revisions\/8638"}],"wp:featuredmedia":[{"embeddable":true,"href":"https:\/\/zonaroja.com.mx\/index.php?rest_route=\/wp\/v2\/media\/8637"}],"wp:attachment":[{"href":"https:\/\/zonaroja.com.mx\/index.php?rest_route=%2Fwp%2Fv2%2Fmedia&parent=8636"}],"wp:term":[{"taxonomy":"category","embeddable":true,"href":"https:\/\/zonaroja.com.mx\/index.php?rest_route=%2Fwp%2Fv2%2Fcategories&post=8636"},{"taxonomy":"post_tag","embeddable":true,"href":"https:\/\/zonaroja.com.mx\/index.php?rest_route=%2Fwp%2Fv2%2Ftags&post=8636"}],"curies":[{"name":"wp","href":"https:\/\/api.w.org\/{rel}","templated":true}]}}