{"id":86365,"date":"2025-10-30T14:15:00","date_gmt":"2025-10-30T20:15:00","guid":{"rendered":"https:\/\/zonaroja.com.mx\/?p=86365"},"modified":"2025-10-30T08:12:57","modified_gmt":"2025-10-30T14:12:57","slug":"mas-de-82-mil-asientos-disponibles-para-la-temporada-invernal-de-vuelos-en-huatulco","status":"publish","type":"post","link":"https:\/\/zonaroja.com.mx\/?p=86365","title":{"rendered":"M\u00e1s de 82 mil asientos disponibles para la temporada invernal de vuelos en Huatulco"},"content":{"rendered":"\n<p>Redacci\u00f3n\/Zona Roja.<\/p>\n\n\n\n<p>Oaxaca, Oax., a 30 de octubre de 2025.- Con una oferta de 82 mil 446 asientos internacionales disponibles, inici\u00f3 la temporada de vuelos invernal 2025-2026 en Bah\u00edas de Huatulco, que comprende desde finales del mes de octubre hasta abril, inform\u00f3 la Secretar\u00eda de Turismo (Sectur Oaxaca)<\/p>\n\n\n\n<p>En este periodo se ofertan seis mil 147 asientos m\u00e1s respecto a la temporada anterior; adem\u00e1s de un total de 592 frecuencias, lo que significa 67 m\u00e1s en comparaci\u00f3n con 2024.<\/p>\n\n\n\n<p>La temporada comenz\u00f3 con el vuelo proveniente de Vancouver, programado los d\u00edas jueves, s\u00e1bado y domingo por la aerol\u00ednea WestJet, que cumple 10 a\u00f1os de conectar a Huatulco con Canad\u00e1.<\/p>\n\n\n\n<p>A trav\u00e9s de esta misma empresa, se cuenta con el vuelo desde Calgary, los d\u00edas lunes, martes, viernes y s\u00e1bado. A partir del 12 de noviembre, tambi\u00e9n operar\u00e1 los mi\u00e9rcoles.<\/p>\n\n\n\n<p>Asimismo, con WestJet se activar\u00e1 el 30 de octubre el vuelo desde Edmonton, con frecuencias los martes, jueves y s\u00e1bado; desde Toronto, el 31 de octubre, los d\u00edas viernes, y a partir del 17 de diciembre, tambi\u00e9n los d\u00edas martes. El 30 de noviembre, iniciar\u00e1 operaciones los domingos el vuelo desde Winnipeg y se sumar\u00e1 el d\u00eda jueves a partir del 18 de diciembre.<\/p>\n\n\n\n<p>Con Air Canada habr\u00e1 vuelos desde Toronto desde el 31 de octubre los viernes, sumando martes y s\u00e1bado a partir del 20 de diciembre; y desde Dallas, Estados Unidos, con American Airlines a partir del 2 de noviembre, los d\u00edas lunes, mi\u00e9rcoles, viernes, s\u00e1bado y domingo.<\/p>\n\n\n\n<p>A estos vuelos que se reactivan por la temporada, se suma uno nuevo desde Vancouver, que comenzar\u00e1 el 7 de diciembre, operado por Air Canada los domingos.<\/p>\n","protected":false},"excerpt":{"rendered":"<p>Redacci\u00f3n\/Zona Roja. Oaxaca, Oax., a 30 de octubre de 2025.- Con una oferta de 82&hellip;<\/p>\n","protected":false},"author":2,"featured_media":86310,"comment_status":"closed","ping_status":"open","sticky":false,"template":"","format":"standard","meta":{"_lmt_disableupdate":"","_lmt_disable":"","_jetpack_memberships_contains_paid_content":false,"footnotes":""},"categories":[109,46],"tags":[1031],"class_list":["post-86365","post","type-post","status-publish","format-standard","has-post-thumbnail","hentry","category-minuto-a-minuto","category-zona-blanca","tag-secretaria-de-turismo-oaxaca"],"jetpack_featured_media_url":"https:\/\/zonaroja.com.mx\/wp-content\/uploads\/2025\/10\/Vuelos-Oaxaca-.jpeg","jetpack_sharing_enabled":true,"_links":{"self":[{"href":"https:\/\/zonaroja.com.mx\/index.php?rest_route=\/wp\/v2\/posts\/86365","targetHints":{"allow":["GET"]}}],"collection":[{"href":"https:\/\/zonaroja.com.mx\/index.php?rest_route=\/wp\/v2\/posts"}],"about":[{"href":"https:\/\/zonaroja.com.mx\/index.php?rest_route=\/wp\/v2\/types\/post"}],"author":[{"embeddable":true,"href":"https:\/\/zonaroja.com.mx\/index.php?rest_route=\/wp\/v2\/users\/2"}],"replies":[{"embeddable":true,"href":"https:\/\/zonaroja.com.mx\/index.php?rest_route=%2Fwp%2Fv2%2Fcomments&post=86365"}],"version-history":[{"count":1,"href":"https:\/\/zonaroja.com.mx\/index.php?rest_route=\/wp\/v2\/posts\/86365\/revisions"}],"predecessor-version":[{"id":86366,"href":"https:\/\/zonaroja.com.mx\/index.php?rest_route=\/wp\/v2\/posts\/86365\/revisions\/86366"}],"wp:featuredmedia":[{"embeddable":true,"href":"https:\/\/zonaroja.com.mx\/index.php?rest_route=\/wp\/v2\/media\/86310"}],"wp:attachment":[{"href":"https:\/\/zonaroja.com.mx\/index.php?rest_route=%2Fwp%2Fv2%2Fmedia&parent=86365"}],"wp:term":[{"taxonomy":"category","embeddable":true,"href":"https:\/\/zonaroja.com.mx\/index.php?rest_route=%2Fwp%2Fv2%2Fcategories&post=86365"},{"taxonomy":"post_tag","embeddable":true,"href":"https:\/\/zonaroja.com.mx\/index.php?rest_route=%2Fwp%2Fv2%2Ftags&post=86365"}],"curies":[{"name":"wp","href":"https:\/\/api.w.org\/{rel}","templated":true}]}}