{"id":86374,"date":"2025-10-30T17:00:00","date_gmt":"2025-10-30T23:00:00","guid":{"rendered":"https:\/\/zonaroja.com.mx\/?p=86374"},"modified":"2025-10-30T16:33:47","modified_gmt":"2025-10-30T22:33:47","slug":"detienen-a-abuelito-en-morelos-acusado-de-golpear-a-una-mujer-en-oaxaca","status":"publish","type":"post","link":"https:\/\/zonaroja.com.mx\/?p=86374","title":{"rendered":"Detienen a abuelito en Morelos acusado de golpear a una mujer en Oaxaca"},"content":{"rendered":"\n<p>Redacci\u00f3n\/Zona Roja Cdmx.<\/p>\n\n\n\n<p>(Informaci\u00f3n de \u201cExc\u00e9lsior\u201d)<\/p>\n\n\n\n<p>Ciudad de M\u00e9xico, a 30 de octubre de 2025.- Un abuelito fue detenido en el estado de Morelos por agredir verbal y f\u00edsicamente a una mujer en el estado de Oaxaca.<\/p>\n\n\n\n<p>Elementos de la Agencia de Investigaci\u00f3n Criminal (AIC) de la Fiscal\u00eda Regional Metropolitana ejecutaron una orden de aprehensi\u00f3n en contra de \u00c1ngel Armando \u201cN\u201d, requerido en Oaxaca por su probable participaci\u00f3n en el delito de violencia familiar.<\/p>\n\n\n\n<p>El abuelito fue asegurado en la colonia Flores Mag\u00f3n del municipio de Cuernavaca para que comparezca en las pr\u00f3ximas horas ante el juez que lo requiere en Oaxaca.<\/p>\n\n\n\n<p>De los hechos, se conoci\u00f3 que \u00c1ngel Armando \u201cN\u201d se encuentra presuntamente implicado en el delito de violencia familiar.<\/p>\n\n\n\n<p>Tras derivado de las pesquisas, elementos de la Agencia Estatal de Investigaciones (AEI) de Oaxaca conocieron que \u00c1ngel Armando \u201cN\u201d se escond\u00eda en Morelos, por lo que solicitaron la colaboraci\u00f3n de esta representaci\u00f3n social para ejecutar el mandato judicial en su contra por el delito antes mencionado.<\/p>\n\n\n\n<p>Debido a ello, personal de la AIC cumpliment\u00f3 la aprehensi\u00f3n en Cuernavaca, para posteriormente entregarlo a sus hom\u00f3logos de Oaxaca.<\/p>\n\n\n\n<p>LA SANCI\u00d3N&nbsp;<\/p>\n\n\n\n<p>En el aspecto penal, la violencia familiar se considera un delito aut\u00f3nomo, esto significa que tiene existencia por s\u00ed solo y cuenta con sus propias caracter\u00edsticas y elementos.<\/p>\n\n\n\n<p>Cuando hablamos de delitos nos referimos a las conductas que se encuentran descritas en los c\u00f3digos penales que nos indican lo que est\u00e1 prohibido quienes pueden realizarlo y cu\u00e1l es la sanci\u00f3n.<\/p>\n\n\n\n<p>A quien cometa el delito de violencia familiar se le impondr\u00e1: De 3 a 9 a\u00f1os de prisi\u00f3n. Multa de 50 a 150 veces el valor diario de la Unidad de Medida y Actualizaci\u00f3n ($103,74 pesos)<\/p>\n\n\n\n<p>P\u00e9rdida de los derechos que tenga respecto de la v\u00edctima incluidos los de car\u00e1cter sucesorio, patria potestad, tutela y alimentos.<\/p>\n\n\n\n<p>Se decretar\u00e1n las medidas de protecci\u00f3n conforme a lo establecido por la legislaci\u00f3n en la materia.<\/p>\n\n\n\n<p>Se sujetar\u00e1 a tratamiento especializado en el Centro de Reeducaci\u00f3n para Hombres que Ejercen Violencia contra las Mujeres que para personas agresoras de violencia familiar.<\/p>\n\n\n\n<p>Estas penas se aumentar\u00e1n hasta en una mitad de su m\u00ednimo y su m\u00e1ximo, en los casos en que la violencia se ejerza en contra de personas menores de 12 a\u00f1os, personas mayores, personas con discapacidad, mujeres en estado de gravidez o durante tres meses posteriores al parto o cuando la conducta sea cometida durante una declaratoria de emergencia sanitaria o cualquier otra que requiera aislamiento social.<\/p>\n\n\n\n<p>En el supuesto de que se ejerza violencia f\u00edsica, la pena ser\u00e1 de 5 a 10 a\u00f1os de prisi\u00f3n.<\/p>\n","protected":false},"excerpt":{"rendered":"<p>Redacci\u00f3n\/Zona Roja Cdmx. (Informaci\u00f3n de \u201cExc\u00e9lsior\u201d) Ciudad de M\u00e9xico, a 30 de octubre de 2025.-&hellip;<\/p>\n","protected":false},"author":2,"featured_media":86375,"comment_status":"closed","ping_status":"open","sticky":false,"template":"","format":"standard","meta":{"_lmt_disableupdate":"","_lmt_disable":"","_jetpack_memberships_contains_paid_content":false,"footnotes":""},"categories":[109,46],"tags":[494],"class_list":["post-86374","post","type-post","status-publish","format-standard","has-post-thumbnail","hentry","category-minuto-a-minuto","category-zona-blanca","tag-fiscalia-general-del-estado-de-oaxaca"],"jetpack_featured_media_url":"https:\/\/zonaroja.com.mx\/wp-content\/uploads\/2025\/10\/Angel-Armando-detenido-en-Morelos-por-violencia-en-Oaxaca.jpg.webp","jetpack_sharing_enabled":true,"_links":{"self":[{"href":"https:\/\/zonaroja.com.mx\/index.php?rest_route=\/wp\/v2\/posts\/86374","targetHints":{"allow":["GET"]}}],"collection":[{"href":"https:\/\/zonaroja.com.mx\/index.php?rest_route=\/wp\/v2\/posts"}],"about":[{"href":"https:\/\/zonaroja.com.mx\/index.php?rest_route=\/wp\/v2\/types\/post"}],"author":[{"embeddable":true,"href":"https:\/\/zonaroja.com.mx\/index.php?rest_route=\/wp\/v2\/users\/2"}],"replies":[{"embeddable":true,"href":"https:\/\/zonaroja.com.mx\/index.php?rest_route=%2Fwp%2Fv2%2Fcomments&post=86374"}],"version-history":[{"count":1,"href":"https:\/\/zonaroja.com.mx\/index.php?rest_route=\/wp\/v2\/posts\/86374\/revisions"}],"predecessor-version":[{"id":86376,"href":"https:\/\/zonaroja.com.mx\/index.php?rest_route=\/wp\/v2\/posts\/86374\/revisions\/86376"}],"wp:featuredmedia":[{"embeddable":true,"href":"https:\/\/zonaroja.com.mx\/index.php?rest_route=\/wp\/v2\/media\/86375"}],"wp:attachment":[{"href":"https:\/\/zonaroja.com.mx\/index.php?rest_route=%2Fwp%2Fv2%2Fmedia&parent=86374"}],"wp:term":[{"taxonomy":"category","embeddable":true,"href":"https:\/\/zonaroja.com.mx\/index.php?rest_route=%2Fwp%2Fv2%2Fcategories&post=86374"},{"taxonomy":"post_tag","embeddable":true,"href":"https:\/\/zonaroja.com.mx\/index.php?rest_route=%2Fwp%2Fv2%2Ftags&post=86374"}],"curies":[{"name":"wp","href":"https:\/\/api.w.org\/{rel}","templated":true}]}}