{"id":86381,"date":"2025-10-31T06:54:19","date_gmt":"2025-10-31T12:54:19","guid":{"rendered":"https:\/\/zonaroja.com.mx\/?p=86381"},"modified":"2025-10-31T06:54:20","modified_gmt":"2025-10-31T12:54:20","slug":"tres-ejecutados-en-juchitan-en-menos-de-una-semana","status":"publish","type":"post","link":"https:\/\/zonaroja.com.mx\/?p=86381","title":{"rendered":"Tres ejecutados en Juchit\u00e1n, en menos de una semana"},"content":{"rendered":"\n<p>Raymundo Morales\/Zona Roja. Foto: ADN Sureste.<\/p>\n\n\n\n<p>Oaxaca, Oax., a 31 de octubre de 2025.- En menos de una semana, tres personas del sexo masculino han sido ejecutadas con sa\u00f1a en el municipio de Juchit\u00e1n de Zaragoza, regi\u00f3n del Istmo.<\/p>\n\n\n\n<p>El m\u00e1s reciente caso ocurri\u00f3 la tarde de ayer jueves en la calle Francisco I. Madero de la S\u00e9ptima Secci\u00f3n, donde acribillaron a un mototaxista, identificado como Jes\u00fas S., alias \u201cEl Chuy\u201d.<\/p>\n\n\n\n<p>Sujetos armados, al parecer a bordo de una motocicleta, arribaron y le dispararon de manera directa, tras lo cual huyeron.&nbsp;<\/p>\n\n\n\n<p>Familiares de la v\u00edctima arribaron al sitio antes que los polic\u00edas municipales y retiraron el cuerpo junto con la unidad de motor, lo que dificult\u00f3 las labores periciales de la Vicefiscal\u00eda Regional del Istmo, dependiente de la Fiscal\u00eda General del Estado, al ser alterada la escena.<\/p>\n\n\n\n<p>Apenas la noche del martes, un joven de 19 a\u00f1os de edad fue atacado a balazos, cuando se encontraba en una calle de la colonia M\u00e1rtires 31 de Julio; la v\u00edctima identificada como Jos\u00e9 J. O., fue trasladada grave a un hospital y a\u00fan convalece.<\/p>\n\n\n\n<p>Mientras que el lunes por la noche en una vialidad de la Octava Secci\u00f3n Cheguigo de Juchit\u00e1n, fue ejecutado a balazos un taxista en el interior de su unidad de motor del sitio \u201c5 de Septiembre\u201d; respondi\u00f3 en vida al nombre de Fernando F. M.<\/p>\n\n\n\n<p>Y la noche del s\u00e1bado pasado, acribillaron a un mototaxista, lo descuartizaron y lo quemaron junto con su unidad de motor, en la colonia 25 de Mayo.&nbsp;<\/p>\n\n\n\n<p>El d\u00eda 26 de octubre, sujetos desconocidos dispararon en contra de un domicilio de la S\u00e9ptima Secci\u00f3n, donde tambi\u00e9n dejaron un presunto \u201cnarcomensaje\u201d.<\/p>\n\n\n\n<p>Pese a la extrema violencia con todos los casos recientes, la autoridad municipal que preside el morenista Miguel S\u00e1nchez Altamirano no se ha pronunciado al respecto ni ha reforzado la seguridad para la poblaci\u00f3n.<\/p>\n","protected":false},"excerpt":{"rendered":"<p>Raymundo Morales\/Zona Roja. Foto: ADN Sureste. Oaxaca, Oax., a 31 de octubre de 2025.- En&hellip;<\/p>\n","protected":false},"author":2,"featured_media":86382,"comment_status":"closed","ping_status":"open","sticky":false,"template":"","format":"standard","meta":{"_lmt_disableupdate":"","_lmt_disable":"","_jetpack_memberships_contains_paid_content":false,"footnotes":""},"categories":[109,51],"tags":[297],"class_list":["post-86381","post","type-post","status-publish","format-standard","has-post-thumbnail","hentry","category-minuto-a-minuto","category-zona-roja","tag-ejecutado-juchitan"],"jetpack_featured_media_url":"https:\/\/zonaroja.com.mx\/wp-content\/uploads\/2025\/10\/Ejecutado-Septima-Seccion-Juchitan.jpeg","jetpack_sharing_enabled":true,"_links":{"self":[{"href":"https:\/\/zonaroja.com.mx\/index.php?rest_route=\/wp\/v2\/posts\/86381","targetHints":{"allow":["GET"]}}],"collection":[{"href":"https:\/\/zonaroja.com.mx\/index.php?rest_route=\/wp\/v2\/posts"}],"about":[{"href":"https:\/\/zonaroja.com.mx\/index.php?rest_route=\/wp\/v2\/types\/post"}],"author":[{"embeddable":true,"href":"https:\/\/zonaroja.com.mx\/index.php?rest_route=\/wp\/v2\/users\/2"}],"replies":[{"embeddable":true,"href":"https:\/\/zonaroja.com.mx\/index.php?rest_route=%2Fwp%2Fv2%2Fcomments&post=86381"}],"version-history":[{"count":1,"href":"https:\/\/zonaroja.com.mx\/index.php?rest_route=\/wp\/v2\/posts\/86381\/revisions"}],"predecessor-version":[{"id":86383,"href":"https:\/\/zonaroja.com.mx\/index.php?rest_route=\/wp\/v2\/posts\/86381\/revisions\/86383"}],"wp:featuredmedia":[{"embeddable":true,"href":"https:\/\/zonaroja.com.mx\/index.php?rest_route=\/wp\/v2\/media\/86382"}],"wp:attachment":[{"href":"https:\/\/zonaroja.com.mx\/index.php?rest_route=%2Fwp%2Fv2%2Fmedia&parent=86381"}],"wp:term":[{"taxonomy":"category","embeddable":true,"href":"https:\/\/zonaroja.com.mx\/index.php?rest_route=%2Fwp%2Fv2%2Fcategories&post=86381"},{"taxonomy":"post_tag","embeddable":true,"href":"https:\/\/zonaroja.com.mx\/index.php?rest_route=%2Fwp%2Fv2%2Ftags&post=86381"}],"curies":[{"name":"wp","href":"https:\/\/api.w.org\/{rel}","templated":true}]}}