{"id":86384,"date":"2025-10-31T07:00:56","date_gmt":"2025-10-31T13:00:56","guid":{"rendered":"https:\/\/zonaroja.com.mx\/?p=86384"},"modified":"2025-10-31T07:00:59","modified_gmt":"2025-10-31T13:00:59","slug":"critican-a-nueva-titular-del-poder-judicial-por-acudir-a-eventos-de-morena","status":"publish","type":"post","link":"https:\/\/zonaroja.com.mx\/?p=86384","title":{"rendered":"Critican a nueva titular del Poder Judicial por acudir a eventos de Morena\u00a0"},"content":{"rendered":"\n<p>Lisbeth Mej\u00eda Reyes\/Zona Roja.<\/p>\n\n\n\n<p>Oaxaca, Oax., a 31 de octubre de 2025.- Trabajadores de confianza del Poder Judicial del Estado de Oaxaca acusaron a la titular del Tribunal Superior de Justicia, Erika Mar\u00eda Rodr\u00edguez Rodr\u00edguez, de estar constantemente en los eventos pol\u00edticos de funcionarios estatales y federales del partido Morena, dejando de lado la independencia y autonom\u00eda que se espera del Poder Judicial.<\/p>\n\n\n\n<p>Debido a esta situaci\u00f3n, y trav\u00e9s de un pronunciamiento publicado este mi\u00e9rcoles, las y los trabajadores le exigieron a la sucesora de Berenice Ram\u00edrez Jim\u00e9nez trabajar con la neutralidad que su encargo requiere.<\/p>\n\n\n\n<p>\u00abMagistrada presidenta, usted critic\u00f3 el morado de la administraci\u00f3n pasada. Ahora nosotros criticamos el guinda de su administraci\u00f3n\u00bb, externaron en el documento, mediante el cual le exigieron actuar con respeto, imparcialidad y dignidad, pues su labor, aunque sea por dos a\u00f1os, \u00abes con la administraci\u00f3n de justicia\u00bb.<\/p>\n\n\n\n<p>\u00abEs bien sabido que actualmente el Poder Judicial carece de independencia y autonom\u00eda; sin embargo, el actuar de su titular solo viene a rematar esa desesperanza en la que se hunde est\u00e1 instituci\u00f3n\u00bb, expresaron en el pronunciamiento.&nbsp;<\/p>\n\n\n\n<p>Adem\u00e1s de se\u00f1alar que han perdido la ilusi\u00f3n porque Rodr\u00edguez, por su preparaci\u00f3n acad\u00e9mica y carrera judicial, fuera diferente a Berenice Ram\u00edrez Jim\u00e9nez.<\/p>\n\n\n\n<p>\u00abPero pareciera que lo \u00fanico que le interesa es estar presente en cada evento pol\u00edtico\u00bb, agregaron. Tambi\u00e9n consideraron que la constante presencia de la titular es solamente para asegurar su posici\u00f3n en los a\u00f1os venideros.<\/p>\n\n\n\n<p>El pronunciamiento viene acompa\u00f1ado de varias fotograf\u00edas en las que se observa a la titular del Tribunal Superior de Justicia del Estado de Oaxaca junto al gobernador Salom\u00f3n Jara Cruz, en un mitin en la Ciudad de M\u00e9xico en respaldo a la presidenta Claudia Sheinbaum.&nbsp;<\/p>\n\n\n\n<p>Tambi\u00e9n en los informes recientes de los senadores Antonino Morales, Laura Estrada y Luis Alfonso Silva Romo, en el auditorio Guelaguetza de la ciudad de Oaxaca, en donde incluso posa con ellos y otros funcionarios del gabinete estatal o del Congreso local.<\/p>\n\n\n\n<p>Sobre estos informes, apuntaron que la magistrada no deber\u00eda de ser \u00abc\u00f3mplice de esa bajezas\u00bb, pues son eventos \u00abllenos de acarreados, de gente necesitada, de personal gubernamental que es obligado a ir y, peor a\u00fan, amenazados con perder su trabajo si no lo hacen\u00bb.<\/p>\n\n\n\n<p>Finalmente, le recordado que ser presidenta del Tribunal Superior de Justicia no es un trampol\u00edn para satisfacer intereses personales y pol\u00edticos sino para \u00abtrabajar para la sociedad y sus trabajadores\u00bb.<\/p>\n","protected":false},"excerpt":{"rendered":"<p>Lisbeth Mej\u00eda Reyes\/Zona Roja. Oaxaca, Oax., a 31 de octubre de 2025.- Trabajadores de confianza&hellip;<\/p>\n","protected":false},"author":2,"featured_media":86385,"comment_status":"closed","ping_status":"open","sticky":false,"template":"","format":"standard","meta":{"_lmt_disableupdate":"","_lmt_disable":"","_jetpack_memberships_contains_paid_content":false,"footnotes":""},"categories":[109,47],"tags":[4430],"class_list":["post-86384","post","type-post","status-publish","format-standard","has-post-thumbnail","hentry","category-minuto-a-minuto","category-zona-gris","tag-erika-maria-rodriguez-rodriguez"],"jetpack_featured_media_url":"https:\/\/zonaroja.com.mx\/wp-content\/uploads\/2025\/10\/Erika-Maria-Rodriguez-mitin-Morena.jpg","jetpack_sharing_enabled":true,"_links":{"self":[{"href":"https:\/\/zonaroja.com.mx\/index.php?rest_route=\/wp\/v2\/posts\/86384","targetHints":{"allow":["GET"]}}],"collection":[{"href":"https:\/\/zonaroja.com.mx\/index.php?rest_route=\/wp\/v2\/posts"}],"about":[{"href":"https:\/\/zonaroja.com.mx\/index.php?rest_route=\/wp\/v2\/types\/post"}],"author":[{"embeddable":true,"href":"https:\/\/zonaroja.com.mx\/index.php?rest_route=\/wp\/v2\/users\/2"}],"replies":[{"embeddable":true,"href":"https:\/\/zonaroja.com.mx\/index.php?rest_route=%2Fwp%2Fv2%2Fcomments&post=86384"}],"version-history":[{"count":1,"href":"https:\/\/zonaroja.com.mx\/index.php?rest_route=\/wp\/v2\/posts\/86384\/revisions"}],"predecessor-version":[{"id":86386,"href":"https:\/\/zonaroja.com.mx\/index.php?rest_route=\/wp\/v2\/posts\/86384\/revisions\/86386"}],"wp:featuredmedia":[{"embeddable":true,"href":"https:\/\/zonaroja.com.mx\/index.php?rest_route=\/wp\/v2\/media\/86385"}],"wp:attachment":[{"href":"https:\/\/zonaroja.com.mx\/index.php?rest_route=%2Fwp%2Fv2%2Fmedia&parent=86384"}],"wp:term":[{"taxonomy":"category","embeddable":true,"href":"https:\/\/zonaroja.com.mx\/index.php?rest_route=%2Fwp%2Fv2%2Fcategories&post=86384"},{"taxonomy":"post_tag","embeddable":true,"href":"https:\/\/zonaroja.com.mx\/index.php?rest_route=%2Fwp%2Fv2%2Ftags&post=86384"}],"curies":[{"name":"wp","href":"https:\/\/api.w.org\/{rel}","templated":true}]}}