{"id":86387,"date":"2025-10-31T09:15:00","date_gmt":"2025-10-31T15:15:00","guid":{"rendered":"https:\/\/zonaroja.com.mx\/?p=86387"},"modified":"2025-10-31T07:06:00","modified_gmt":"2025-10-31T13:06:00","slug":"detienen-a-ex-jefe-policiaco-de-tabasco-estaria-ligado-con-el-cjng","status":"publish","type":"post","link":"https:\/\/zonaroja.com.mx\/?p=86387","title":{"rendered":"Detienen a ex jefe policiaco de Tabasco; estar\u00eda ligado con el CJNG"},"content":{"rendered":"\n<p>Redacci\u00f3n\/Zona Roja Cdmx.<\/p>\n\n\n\n<p>(Informaci\u00f3n de \u201cEl Financiero\u201d)<\/p>\n\n\n\n<p>Ciudad de M\u00e9xico, a 31 de octubre de 2025.- Un nuevo golpe contra el C\u00e1rtel Jalisco Nueva Generaci\u00f3n (CJNG) ocurri\u00f3 con la detenci\u00f3n en Chiapas de Leonardo Arturo \u2018N\u2019, alias \u2018El Carnal\u2019, quien es identificado como uno de los l\u00edderes de dicho grupo delictivo.<\/p>\n\n\n\n<p>Leonardo \u2018N\u2019 est\u00e1 relacionado con extorsiones a comerciantes, secuestro, venta de droga y homicidios en Tabasco, seg\u00fan inform\u00f3 el secretario de Seguridad, Omar Garc\u00eda Harfuch, a trav\u00e9s de sus redes sociales.<\/p>\n\n\n\n<p>\u201cDicho sujeto se desempe\u00f1\u00f3 como director general de la Polic\u00eda Estatal de Tabasco en el a\u00f1o 2021\u201d, public\u00f3 Garc\u00eda Harfuch.<\/p>\n\n\n\n<p>Adem\u00e1s, \u2018El Carnal\u2019 estar\u00eda relacionado con el grupo criminal La Barredora debido a que en febrero de 2021 fue nombrado como director de la Polic\u00eda Estatal de Tabasco.<\/p>\n\n\n\n<p>Por dicho cargo habr\u00eda sido uno de los principales colaboradores de Hern\u00e1n Berm\u00fadez Requena, presunto l\u00edder de La Barredora y actualmente detenido en el penal de El Altiplano tras ser aprehendido en Paraguay, donde se escond\u00eda de las autoridades.<\/p>\n\n\n\n<p>EL OPERATIVO<\/p>\n\n\n\n<p>Garc\u00eda Harfuch anunci\u00f3 la detenci\u00f3n en redes sociales y asegur\u00f3 que en el operativo participaron elementos de la Fiscal\u00eda de Chiapas, la Secretar\u00eda de Seguridad de Chiapas, la Fiscal\u00eda de Tabasco y la Secretar\u00eda de Seguridad de Tabasco, en coordinaci\u00f3n con la Secretar\u00eda de la Defensa Nacional.<\/p>\n\n\n\n<p>A trav\u00e9s de un comunicado, la Secretar\u00eda de Seguridad detall\u00f3 que los agentes de seguridad desarrollaron l\u00edneas de investigaci\u00f3n para detener a generadores de violencia.<\/p>\n\n\n\n<p>\u201cCon esto obtuvieron datos sobre la zona de movilidad de un exfuncionario p\u00fablico vinculado a un grupo criminal\u201d, detalla el documento.<\/p>\n\n\n\n<p>La aprehensi\u00f3n ocurri\u00f3 en la colonia Bienestar Social, en Tuxtla Guti\u00e9rrez, por lo que los elementos de seguridad le marcaron el alto a \u2018El Carnal\u2019.<\/p>\n\n\n\n<p>El hombre, de 55 a\u00f1os, fue detenido y puesto a disposici\u00f3n del agente del Ministerio P\u00fablico para determinar su situaci\u00f3n legal.<\/p>\n\n\n\n<p>CASO HERN\u00c1N<\/p>\n\n\n\n<p>A mediados de septiembre, Hern\u00e1n Berm\u00fadez Requena lleg\u00f3 a M\u00e9xico tras ser detenido en Paraguay.<\/p>\n\n\n\n<p>\u00d3scar Tonatiuh V\u00e1zquez, fiscal de Tabasco, inform\u00f3 que Berm\u00fadez alcanzar\u00eda una condena de hasta 158 a\u00f1os de prisi\u00f3n.<\/p>\n\n\n\n<p>El funcionario precis\u00f3 que esta pena corresponde \u00fanicamente a los cargos de secuestro agravado, asociaci\u00f3n delictuosa y extorsi\u00f3n, que forman parte de la carpeta de investigaci\u00f3n contra el presunto l\u00edder del grupo delictivo conocido como \u201cLa Barredora\u201d.<\/p>\n\n\n\n<p>Sin embargo, en esta suma todav\u00eda faltan las sentencias que sean impuestas por la Fiscal\u00eda General de la Rep\u00fablica (FGR).<\/p>\n","protected":false},"excerpt":{"rendered":"<p>Redacci\u00f3n\/Zona Roja Cdmx. (Informaci\u00f3n de \u201cEl Financiero\u201d) Ciudad de M\u00e9xico, a 31 de octubre de&hellip;<\/p>\n","protected":false},"author":2,"featured_media":86388,"comment_status":"closed","ping_status":"open","sticky":false,"template":"","format":"standard","meta":{"_lmt_disableupdate":"","_lmt_disable":"","_jetpack_memberships_contains_paid_content":false,"footnotes":""},"categories":[109,47],"tags":[4504],"class_list":["post-86387","post","type-post","status-publish","format-standard","has-post-thumbnail","hentry","category-minuto-a-minuto","category-zona-gris","tag-leonardo-arturo-n-tabasco"],"jetpack_featured_media_url":"https:\/\/zonaroja.com.mx\/wp-content\/uploads\/2025\/10\/Leonardo-N-alias-El-Carnal-Tabasco.png.avif","jetpack_sharing_enabled":true,"_links":{"self":[{"href":"https:\/\/zonaroja.com.mx\/index.php?rest_route=\/wp\/v2\/posts\/86387","targetHints":{"allow":["GET"]}}],"collection":[{"href":"https:\/\/zonaroja.com.mx\/index.php?rest_route=\/wp\/v2\/posts"}],"about":[{"href":"https:\/\/zonaroja.com.mx\/index.php?rest_route=\/wp\/v2\/types\/post"}],"author":[{"embeddable":true,"href":"https:\/\/zonaroja.com.mx\/index.php?rest_route=\/wp\/v2\/users\/2"}],"replies":[{"embeddable":true,"href":"https:\/\/zonaroja.com.mx\/index.php?rest_route=%2Fwp%2Fv2%2Fcomments&post=86387"}],"version-history":[{"count":1,"href":"https:\/\/zonaroja.com.mx\/index.php?rest_route=\/wp\/v2\/posts\/86387\/revisions"}],"predecessor-version":[{"id":86389,"href":"https:\/\/zonaroja.com.mx\/index.php?rest_route=\/wp\/v2\/posts\/86387\/revisions\/86389"}],"wp:featuredmedia":[{"embeddable":true,"href":"https:\/\/zonaroja.com.mx\/index.php?rest_route=\/wp\/v2\/media\/86388"}],"wp:attachment":[{"href":"https:\/\/zonaroja.com.mx\/index.php?rest_route=%2Fwp%2Fv2%2Fmedia&parent=86387"}],"wp:term":[{"taxonomy":"category","embeddable":true,"href":"https:\/\/zonaroja.com.mx\/index.php?rest_route=%2Fwp%2Fv2%2Fcategories&post=86387"},{"taxonomy":"post_tag","embeddable":true,"href":"https:\/\/zonaroja.com.mx\/index.php?rest_route=%2Fwp%2Fv2%2Ftags&post=86387"}],"curies":[{"name":"wp","href":"https:\/\/api.w.org\/{rel}","templated":true}]}}