{"id":86390,"date":"2025-10-31T10:15:00","date_gmt":"2025-10-31T16:15:00","guid":{"rendered":"https:\/\/zonaroja.com.mx\/?p=86390"},"modified":"2025-10-31T07:22:07","modified_gmt":"2025-10-31T13:22:07","slug":"detienen-en-chihuahua-a-presunto-homicida-de-atatlahuca","status":"publish","type":"post","link":"https:\/\/zonaroja.com.mx\/?p=86390","title":{"rendered":"Detienen en Chihuahua a presunto homicida de Atatlahuca"},"content":{"rendered":"\n<p>Redacci\u00f3n\/Zona Roja.<\/p>\n\n\n\n<p>Oaxaca, Oax., a 31 de octubre de 2025.- La Fiscal\u00eda General del Estado de Oaxaca (FGEO), realiz\u00f3 las investigaciones que condujeron a la ubicaci\u00f3n en el norte del pa\u00eds de una persona pr\u00f3fuga, a quien se logr\u00f3 ejecutar una orden de aprehensi\u00f3n que permiti\u00f3 la detenci\u00f3n de S.O.S., por el delito de homicidio cometido en la regi\u00f3n de la Mixteca, capturado en coordinaci\u00f3n interinstitucional con la Fiscal\u00eda General del Estado de Chihuahua.<\/p>\n\n\n\n<p>De acuerdo con el expediente penal, los hechos ocurrieron el 18 de noviembre de 2017, cuando la v\u00edctima se encontraba al interior del auditorio municipal de San Esteban Atatlahuca, perteneciente al distrito de Tlaxiaco.<\/p>\n\n\n\n<p>Las investigaciones establecen que al lugar arribaron dos personas, quienes sacaron a la v\u00edctima del sitio y posteriormente la agredieron f\u00edsicamente, caus\u00e1ndole graves lesiones a consecuencia de las cuales perdi\u00f3 la vida.<\/p>\n\n\n\n<p>Luego de que la FGEO tom\u00f3 conocimiento del caso, a trav\u00e9s de la Vicefiscal\u00eda Regional de la Mixteca, se iniciaron las investigaciones correspondientes, que derivaron en la obtenci\u00f3n de una orden de aprehensi\u00f3n en contra de S.O.S.<\/p>\n\n\n\n<p>Durante las labores de b\u00fasqueda, se pudo establecer que S.O.S., se refugiaba en el estado de Chihuahua, por lo que se solicit\u00f3 la colaboraci\u00f3n de la Fiscal\u00eda de esa entidad para ejecutar la orden de aprehensi\u00f3n en su contra.<\/p>\n\n\n\n<p>Tras su detenci\u00f3n, se realizaron los tr\u00e1mites legales necesarios para su traslado a Oaxaca, donde fue puesto a disposici\u00f3n de la autoridad ministerial correspondiente, a fin de determinar su situaci\u00f3n jur\u00eddica.<\/p>\n\n\n\n<p>VIOLADOR CONDENADO<\/p>\n\n\n\n<p>En otro caso, la Fiscal\u00eda General del Estado obtuvo fallo condenatorio contra una persona del sexo masculino identificada como Florenciano M.R., por la comisi\u00f3n del delito de violaci\u00f3n equiparada en agravio de un ni\u00f1o, cometido en el municipio de Oaxaca de Ju\u00e1rez.<\/p>\n\n\n\n<p>De acuerdo con lo asentado en el expediente penal, los hechos sucedieron entre noviembre y diciembre de 2018, en un domicilio ubicado en la colonia Estado de M\u00e9xico perteneciente a la agencia de San Mart\u00edn Mexic\u00e1pam, lugar donde la v\u00edctima -de cinco a\u00f1os de edad- sufri\u00f3 agresiones.<\/p>\n\n\n\n<p>La investigaci\u00f3n detalla que por razones laborales de sus tutores, la v\u00edctima quedaba bajo el cuidado del imputado, situaci\u00f3n que persisti\u00f3 hasta que se percataron de la afectaci\u00f3n psicoemocional del ni\u00f1o.<\/p>\n\n\n\n<p>Cuando la FGEO tom\u00f3 conocimiento del caso a trav\u00e9s de la denuncia, inici\u00f3 las investigaciones con perspectiva de infancia a trav\u00e9s de la Fiscal\u00eda Especializada en Justicia para Adolescentes, gracias a las cuales se logr\u00f3 ejecutar una orden de aprehensi\u00f3n en contra de Florenciano M.R., por delitos sexuales quien fue presentado ante la autoridad judicial.<\/p>\n\n\n\n<p>En audiencia y tras validar los datos de prueba aportados por la Fiscal\u00eda de Oaxaca, el Juez de la causa dict\u00f3 fallo condenatorio en contra de Florenciano M.R., por su responsabilidad en la comisi\u00f3n del delito de violaci\u00f3n equiparada en agravio de un ni\u00f1o, quedando pendiente la audiencia de individualizaci\u00f3n de penas para la lectura de la sentencia y el pago por concepto de reparaci\u00f3n del da\u00f1o.<\/p>\n\n\n\n<p>VINCULADO A PROCESO<\/p>\n\n\n\n<p>Por otro lado, la instituci\u00f3n obtuvo auto de vinculaci\u00f3n a proceso contra una persona del sexo masculino identificado como S.M.Z., imputado por el delito contra la salud en su modalidad de narcomenudeo en su hip\u00f3tesis de posesi\u00f3n de narc\u00f3ticos con la finalidad de comercializarlos o suministrarlos gratuitamente, cometido en agravio de la sociedad en la regi\u00f3n de la Sierra de Flores Mag\u00f3n.<\/p>\n\n\n\n<p>De acuerdo a lo asentado en el expediente penal del caso, el imputado fue detenido derivado de un cateo que se realiz\u00f3 de manera coordinada por elementos de la Agencia Estatal de Investigaciones (AEI), la Vicefiscal\u00eda General de Control Regional, junto con elementos de la Polic\u00eda Estatal en un domicilio ubicado en el municipio de San Mart\u00edn Toxpalan, distrito de Teotitl\u00e1n de Flores Mag\u00f3n.<\/p>\n\n\n\n<p>En el lugar, los efectivos tambi\u00e9n lograron asegurar diversas bolsas que conten\u00edan hierba seca con las caracter\u00edsticas de la marihuana y cristal, adem\u00e1s de un mototaxi sin placas de circulaci\u00f3n y una motocicleta.<\/p>\n\n\n\n<p>Tras la detenci\u00f3n, S.M.Z.&nbsp; y los objetos asegurados quedaron a disposici\u00f3n de la autoridad ministerial correspondiente para resolver su situaci\u00f3n jur\u00eddica.<\/p>\n\n\n\n<p>En audiencia y tras el desahogo de pruebas aportadas por la FGEO, el Juez de Control dict\u00f3 auto de vinculaci\u00f3n a proceso contra S.M.Z.&nbsp; por el delito contra la salud en su modalidad de narcomenudeo en su hip\u00f3tesis de posesi\u00f3n de narc\u00f3ticos con la finalidad de comercializarlos o suministrarlos gratuitamente, imponiendo las medidas cautelares correspondientes y otorgando el plazo de dos meses para el cierre de la investigaci\u00f3n complementaria.<\/p>\n","protected":false},"excerpt":{"rendered":"<p>Redacci\u00f3n\/Zona Roja. Oaxaca, Oax., a 31 de octubre de 2025.- La Fiscal\u00eda General del Estado&hellip;<\/p>\n","protected":false},"author":2,"featured_media":86395,"comment_status":"closed","ping_status":"open","sticky":false,"template":"","format":"standard","meta":{"_lmt_disableupdate":"","_lmt_disable":"","_jetpack_memberships_contains_paid_content":false,"footnotes":""},"categories":[109,46],"tags":[494],"class_list":["post-86390","post","type-post","status-publish","format-standard","has-post-thumbnail","hentry","category-minuto-a-minuto","category-zona-blanca","tag-fiscalia-general-del-estado-de-oaxaca"],"jetpack_featured_media_url":"https:\/\/zonaroja.com.mx\/wp-content\/uploads\/2025\/10\/S.O.S.-por-el-delito-de-homicidio-cometido-en-la-region-de-la-Mixteca.jpg","jetpack_sharing_enabled":true,"_links":{"self":[{"href":"https:\/\/zonaroja.com.mx\/index.php?rest_route=\/wp\/v2\/posts\/86390","targetHints":{"allow":["GET"]}}],"collection":[{"href":"https:\/\/zonaroja.com.mx\/index.php?rest_route=\/wp\/v2\/posts"}],"about":[{"href":"https:\/\/zonaroja.com.mx\/index.php?rest_route=\/wp\/v2\/types\/post"}],"author":[{"embeddable":true,"href":"https:\/\/zonaroja.com.mx\/index.php?rest_route=\/wp\/v2\/users\/2"}],"replies":[{"embeddable":true,"href":"https:\/\/zonaroja.com.mx\/index.php?rest_route=%2Fwp%2Fv2%2Fcomments&post=86390"}],"version-history":[{"count":1,"href":"https:\/\/zonaroja.com.mx\/index.php?rest_route=\/wp\/v2\/posts\/86390\/revisions"}],"predecessor-version":[{"id":86396,"href":"https:\/\/zonaroja.com.mx\/index.php?rest_route=\/wp\/v2\/posts\/86390\/revisions\/86396"}],"wp:featuredmedia":[{"embeddable":true,"href":"https:\/\/zonaroja.com.mx\/index.php?rest_route=\/wp\/v2\/media\/86395"}],"wp:attachment":[{"href":"https:\/\/zonaroja.com.mx\/index.php?rest_route=%2Fwp%2Fv2%2Fmedia&parent=86390"}],"wp:term":[{"taxonomy":"category","embeddable":true,"href":"https:\/\/zonaroja.com.mx\/index.php?rest_route=%2Fwp%2Fv2%2Fcategories&post=86390"},{"taxonomy":"post_tag","embeddable":true,"href":"https:\/\/zonaroja.com.mx\/index.php?rest_route=%2Fwp%2Fv2%2Ftags&post=86390"}],"curies":[{"name":"wp","href":"https:\/\/api.w.org\/{rel}","templated":true}]}}