{"id":86397,"date":"2025-10-31T11:15:00","date_gmt":"2025-10-31T17:15:00","guid":{"rendered":"https:\/\/zonaroja.com.mx\/?p=86397"},"modified":"2025-10-31T07:23:28","modified_gmt":"2025-10-31T13:23:28","slug":"desde-las-artes-reflexionan-sobre-el-impacto-de-la-guerra-de-israel-contra-palestina","status":"publish","type":"post","link":"https:\/\/zonaroja.com.mx\/?p=86397","title":{"rendered":"Desde las artes reflexionan sobre el impacto de la guerra de Israel contra Palestina"},"content":{"rendered":"\n<p>Lisbeth Mej\u00eda Reyes\/Zona Roja.<\/p>\n\n\n\n<p>Oaxaca, Oax., a 31 de octubre de 2025.- La Asamblea Oaxaque\u00f1a por Palestina comenz\u00f3 esta semana una serie de actividades en colaboraci\u00f3n con el Museo de Arte Contempor\u00e1neo y de las Culturas Oaxaque\u00f1as (MACCO), mediante las cuales se muestra el impacto de la guerra de Israel contra Palestina y en la que el estado de Oaxaca y M\u00e9xico incluso guardan una relaci\u00f3n.<\/p>\n\n\n\n<p>Las actividades son parte del programa \u00abOfrenda para un Territorio que a\u00fan Canta: Palestina en Oaxaca\u00bb, y empezaron el martes con un taller a cargo del Taller Astillero para la elaboraci\u00f3n de sombreros-barquitos para la flotilla en Tierra. Tambi\u00e9n habr\u00e1 un altar colectivo y recorrido este viernes.<\/p>\n\n\n\n<p>\u00abEn este espacio, personas de todas las edades se reunieron para crear y compartir desde un lugar de libertad y gozo, demostrando que las acciones art\u00edsticas tambi\u00e9n son pol\u00edticas\u00bb, explic\u00f3 la Secretar\u00eda de las Culturas y Artes, Seculta, de la que depende el MACCO.<\/p>\n\n\n\n<p>Quetzal Z\u00fa\u00f1iga, integrante de la Asamblea Oaxaque\u00f1a por Palestina, explic\u00f3 que este jueves parte de la programaci\u00f3n consisti\u00f3 en la proyecci\u00f3n de un video con fotograf\u00edas sobre la guerra que ha afectado principalmente la Franja de Gaza, un territorio de Palestina en el que Israel ha mantenido el control militar.&nbsp;<\/p>\n\n\n\n<p>Z\u00fa\u00f1iga detall\u00f3 que la asamblea se integr\u00f3 en septiembre pasado y busca g\u00e9nero reflexi\u00f3n sobre la guerra, tambi\u00e9n apelar a la empat\u00eda de la sociedad para con las v\u00edctimas de Palestina, pues a pesar de ser un conflicto de medio Oriente tiene una relaci\u00f3n con Oaxaca. Esto \u00faltimo porque las tecnolog\u00edas de vigilancia y de identificaci\u00f3n, as\u00ed como el armamento que compran M\u00e9xico para sus polic\u00edas, provienen de Israel, el pa\u00eds que est\u00e1 atacando a Gaza.<\/p>\n\n\n\n<p>Para este viernes, la Asamblea Oaxaque\u00f1a por favor y el MACCO realizar\u00e1n un recorrido-cacerolazo del templo de Santo Domingo hacia el museo, en alusi\u00f3n a la hambruna que ha dejado la guerra. Por la ma\u00f1ana de este viernes tambi\u00e9n habr\u00e1 una ofrenda colectiva a manera de altar de muertos dedicado a Palestina.<\/p>\n\n\n\n<p>La guerra de Israel contra Palestina, seg\u00fan medios internacionales, han habido m\u00e1s de 67 mil palestinos y alrededor de 170 mil heridos del mismo pa\u00eds.<\/p>\n\n\n\n<p>Z\u00fa\u00f1iga se\u00f1ala que aunque han habido treguas o cese a la guerra por parte de Israel, el conflicto se mantiene y es necesario que la sociedad internacional alce la voz y est\u00e9 informada sobre la guerra.<\/p>\n","protected":false},"excerpt":{"rendered":"<p>Lisbeth Mej\u00eda Reyes\/Zona Roja. Oaxaca, Oax., a 31 de octubre de 2025.- La Asamblea Oaxaque\u00f1a&hellip;<\/p>\n","protected":false},"author":2,"featured_media":86391,"comment_status":"closed","ping_status":"open","sticky":false,"template":"","format":"standard","meta":{"_lmt_disableupdate":"","_lmt_disable":"","_jetpack_memberships_contains_paid_content":false,"footnotes":""},"categories":[109,46],"tags":[],"class_list":["post-86397","post","type-post","status-publish","format-standard","has-post-thumbnail","hentry","category-minuto-a-minuto","category-zona-blanca"],"jetpack_featured_media_url":"https:\/\/zonaroja.com.mx\/wp-content\/uploads\/2025\/10\/Palestina-en-el-Museo-de-Arte-Contemporaneo-.jpg","jetpack_sharing_enabled":true,"_links":{"self":[{"href":"https:\/\/zonaroja.com.mx\/index.php?rest_route=\/wp\/v2\/posts\/86397","targetHints":{"allow":["GET"]}}],"collection":[{"href":"https:\/\/zonaroja.com.mx\/index.php?rest_route=\/wp\/v2\/posts"}],"about":[{"href":"https:\/\/zonaroja.com.mx\/index.php?rest_route=\/wp\/v2\/types\/post"}],"author":[{"embeddable":true,"href":"https:\/\/zonaroja.com.mx\/index.php?rest_route=\/wp\/v2\/users\/2"}],"replies":[{"embeddable":true,"href":"https:\/\/zonaroja.com.mx\/index.php?rest_route=%2Fwp%2Fv2%2Fcomments&post=86397"}],"version-history":[{"count":1,"href":"https:\/\/zonaroja.com.mx\/index.php?rest_route=\/wp\/v2\/posts\/86397\/revisions"}],"predecessor-version":[{"id":86398,"href":"https:\/\/zonaroja.com.mx\/index.php?rest_route=\/wp\/v2\/posts\/86397\/revisions\/86398"}],"wp:featuredmedia":[{"embeddable":true,"href":"https:\/\/zonaroja.com.mx\/index.php?rest_route=\/wp\/v2\/media\/86391"}],"wp:attachment":[{"href":"https:\/\/zonaroja.com.mx\/index.php?rest_route=%2Fwp%2Fv2%2Fmedia&parent=86397"}],"wp:term":[{"taxonomy":"category","embeddable":true,"href":"https:\/\/zonaroja.com.mx\/index.php?rest_route=%2Fwp%2Fv2%2Fcategories&post=86397"},{"taxonomy":"post_tag","embeddable":true,"href":"https:\/\/zonaroja.com.mx\/index.php?rest_route=%2Fwp%2Fv2%2Ftags&post=86397"}],"curies":[{"name":"wp","href":"https:\/\/api.w.org\/{rel}","templated":true}]}}