{"id":86399,"date":"2025-10-31T12:23:00","date_gmt":"2025-10-31T18:23:00","guid":{"rendered":"https:\/\/zonaroja.com.mx\/?p=86399"},"modified":"2025-10-31T07:25:52","modified_gmt":"2025-10-31T13:25:52","slug":"celebra-senador-oaxaqueno-avances-con-el-corredor-interoceanico","status":"publish","type":"post","link":"https:\/\/zonaroja.com.mx\/?p=86399","title":{"rendered":"Celebra senador oaxaque\u00f1o avances con el Corredor Interoce\u00e1nico"},"content":{"rendered":"\n<p>Redacci\u00f3n\/Zona Roja Cdmx.<\/p>\n\n\n\n<p>Ciudad de M\u00e9xico, a 31 de octubre de 2025.- El senador por Oaxaca y presidente de la Comisi\u00f3n Especial para el Seguimiento al Corredor Interoce\u00e1nico del Istmo de Tehuantepec (CIIT), Antonino Morales Toledo, celebr\u00f3 los avances contundentes que este proyecto emblem\u00e1tico de la Cuarta Transformaci\u00f3n ha alcanzado, destacando la pr\u00f3xima puesta en operaci\u00f3n del Tren Suburbano \u201cEl Tehuanito\u201d y la consolidaci\u00f3n del ferrocarril como una ruta de progreso para la regi\u00f3n.<\/p>\n\n\n\n<p>El legislador manifest\u00f3 que, bajo el liderazgo de la presidenta Claudia Sheinbaum Pardo, se est\u00e1 cumpliendo con el compromiso de devolver la prosperidad a una zona hist\u00f3ricamente olvidada.&nbsp;<\/p>\n\n\n\n<p>\u201cHoy estamos transformando el Istmo de Tehuantepec. Son proyectos con perspectiva social, proyectos con perspectiva de desarrollo econ\u00f3mico para el sur-sureste, olvidado durante tantos a\u00f1os, y proyectos que incorporan a las comunidades\u201d, subray\u00f3.<\/p>\n\n\n\n<p>Con un avance del 82.6% en sus estaciones, se confirm\u00f3 que \u201cEl Tehuanito\u201d iniciar\u00e1 operaciones en diciembre de este a\u00f1o, estableciendo dos rutas de pasajeros que conectar\u00e1n a las comunidades a lo largo de 189 kil\u00f3metros.&nbsp;<\/p>\n\n\n\n<p>\u201cEste tren suburbano es mucho m\u00e1s que una obra de infraestructura; es un transporte digno, accesible y eficiente que acercar\u00e1 a las personas a sus trabajos, escuelas y familias, mejorando su calidad de vida de manera tangible. Es un proyecto para el pueblo y con el pueblo\u201d, destac\u00f3 el senador Morales Toledo.<\/p>\n\n\n\n<p>En cuanto al Tren Interoce\u00e1nico, se inform\u00f3 que la L\u00ednea K tiene un avance general del 87.68%, y que su primer tramo se inaugurar\u00e1 en noviembre. Esta l\u00ednea, que conectar\u00e1 la red ferroviaria mexicana con Guatemala, es descrita como un eje de desarrollo integral. \u201cAs\u00ed, el Corredor Interoce\u00e1nico se consolida como una nueva ruta geoestrat\u00e9gica que fortalece la conectividad y detona el desarrollo econ\u00f3mico y social de la regi\u00f3n en conexi\u00f3n con el pa\u00eds y el mundo\u201d, afirm\u00f3.<\/p>\n\n\n\n<p>El senador hizo hincapi\u00e9 en que el verdadero coraz\u00f3n del proyecto son los beneficios directos para la poblaci\u00f3n. Detall\u00f3 que, a la fecha, se han generado miles de empleos y se inici\u00f3 el Programa de Mejoramiento de Viviendas, donde se programaron 10 mil apoyos por un monto de 400 millones de pesos, de los cuales, ya se han otorgado 4 mil 962 de estos apoyos.<\/p>\n\n\n\n<p>Coment\u00f3 que el Corredor Interoce\u00e1nico y la Sedatu iniciaron este a\u00f1o el financiamiento y construcci\u00f3n de 60 obras comunitarias, en beneficio de 100 mil habitantes, con un acumulado de 150 acciones desde el 2023.<\/p>\n\n\n\n<p>Tambi\u00e9n se coordinan 15 dependencias federales que apoyan programas y recursos a poblaciones dentro del \u00e1rea de influencia del Corredor, que en este primer semestre del 2025 ejercieron 14 mil 914 millones de pesos. \u201cEsto es la Cuarta Transformaci\u00f3n en hechos concretos: bienestar, oportunidades y justicia para las familias que m\u00e1s lo necesitan\u201d, puntualiz\u00f3.<\/p>\n\n\n\n<p>Finalmente, el Senador Antonino Morales Toledo reafirm\u00f3 el compromiso de la comisi\u00f3n que preside para seguir impulsando esta obra que, asegur\u00f3, est\u00e1 cambiando la historia del Istmo de Tehuantepec, de Oaxaca y de M\u00e9xico.<\/p>\n","protected":false},"excerpt":{"rendered":"<p>Redacci\u00f3n\/Zona Roja Cdmx. Ciudad de M\u00e9xico, a 31 de octubre de 2025.- El senador por&hellip;<\/p>\n","protected":false},"author":2,"featured_media":85268,"comment_status":"closed","ping_status":"open","sticky":false,"template":"","format":"standard","meta":{"_lmt_disableupdate":"","_lmt_disable":"","_jetpack_memberships_contains_paid_content":false,"footnotes":""},"categories":[109,46],"tags":[180],"class_list":["post-86399","post","type-post","status-publish","format-standard","has-post-thumbnail","hentry","category-minuto-a-minuto","category-zona-blanca","tag-antonino-morales-toledo"],"jetpack_featured_media_url":"https:\/\/zonaroja.com.mx\/wp-content\/uploads\/2025\/10\/Antonino-Morales.jpg","jetpack_sharing_enabled":true,"_links":{"self":[{"href":"https:\/\/zonaroja.com.mx\/index.php?rest_route=\/wp\/v2\/posts\/86399","targetHints":{"allow":["GET"]}}],"collection":[{"href":"https:\/\/zonaroja.com.mx\/index.php?rest_route=\/wp\/v2\/posts"}],"about":[{"href":"https:\/\/zonaroja.com.mx\/index.php?rest_route=\/wp\/v2\/types\/post"}],"author":[{"embeddable":true,"href":"https:\/\/zonaroja.com.mx\/index.php?rest_route=\/wp\/v2\/users\/2"}],"replies":[{"embeddable":true,"href":"https:\/\/zonaroja.com.mx\/index.php?rest_route=%2Fwp%2Fv2%2Fcomments&post=86399"}],"version-history":[{"count":1,"href":"https:\/\/zonaroja.com.mx\/index.php?rest_route=\/wp\/v2\/posts\/86399\/revisions"}],"predecessor-version":[{"id":86400,"href":"https:\/\/zonaroja.com.mx\/index.php?rest_route=\/wp\/v2\/posts\/86399\/revisions\/86400"}],"wp:featuredmedia":[{"embeddable":true,"href":"https:\/\/zonaroja.com.mx\/index.php?rest_route=\/wp\/v2\/media\/85268"}],"wp:attachment":[{"href":"https:\/\/zonaroja.com.mx\/index.php?rest_route=%2Fwp%2Fv2%2Fmedia&parent=86399"}],"wp:term":[{"taxonomy":"category","embeddable":true,"href":"https:\/\/zonaroja.com.mx\/index.php?rest_route=%2Fwp%2Fv2%2Fcategories&post=86399"},{"taxonomy":"post_tag","embeddable":true,"href":"https:\/\/zonaroja.com.mx\/index.php?rest_route=%2Fwp%2Fv2%2Ftags&post=86399"}],"curies":[{"name":"wp","href":"https:\/\/api.w.org\/{rel}","templated":true}]}}