{"id":86409,"date":"2025-10-31T17:03:18","date_gmt":"2025-10-31T23:03:18","guid":{"rendered":"https:\/\/zonaroja.com.mx\/?p=86409"},"modified":"2025-10-31T17:03:18","modified_gmt":"2025-10-31T23:03:18","slug":"ordena-teeo-al-ieepco-modificar-lineamientos-para-el-proceso-de-revocacion-de-mandato","status":"publish","type":"post","link":"https:\/\/zonaroja.com.mx\/?p=86409","title":{"rendered":"Ordena TEEO al IEEPCO modificar lineamientos para el proceso de revocaci\u00f3n de mandato"},"content":{"rendered":"\n<p class=\"gmail-p1\">Redacci\u00f3n\/Zona Roja.<\/p>\n\n\n\n<p class=\"gmail-p1\">Oaxaca, Oax., a 31 de octubre de 2025.- El Tribunal Electoral del Estado de Oaxaca (TEEO), orden\u00f3 la modificaci\u00f3n a los art\u00edculos 25, 26 y 27 de los lineamientos para el proceso de solicitud de revocaci\u00f3n de mandato de la persona Titular de la Gubernatura del Estado de Oaxaca, para el periodo constitucional 2022- 2028.<\/p>\n\n\n\n<p class=\"gmail-p1\">A trav\u00e9s del Recurso de Apelaci\u00f3n identificado con la clave: RA\/23\/2025 y acumulados, este Tribunal se\u00f1al\u00f3, que los lineamientos incluyen un requisito no previsto en la legislaci\u00f3n federal, as\u00ed como, en la Ley Estatal de Revocaci\u00f3n de Mandato; que consiste en la obligaci\u00f3n de entregar copia del anverso y reverso de la credencial para votar de la ciudadan\u00eda, para que se considere como v\u00e1lido el apoyo.&nbsp;<\/p>\n\n\n\n<p class=\"gmail-p1\">El TEEO expuso que el Instituto Estatal Electoral y de Participaci\u00f3n Ciudadana de Oaxaca (IEEPCO), excedi\u00f3 facultades reglamentarias, al imponer una carga adicional que puede obstaculizar el ejercicio del derecho de participaci\u00f3n ciudadana.<\/p>\n\n\n\n<p class=\"gmail-p1\">En consecuencia, orden\u00f3 eliminar las porciones normativas que exigen la presentaci\u00f3n de la copia de la credencial para votar, y dar publicidad a la presente resoluci\u00f3n para conocimiento de la ciudadan\u00eda.<\/p>\n\n\n\n<p class=\"gmail-p1\">Los expedientes RA\/24\/2025 y RA\/25\/2025 fueron acumulados al RA\/23\/2025, al ser el primero que se tramit\u00f3 en este Tribunal, interpuesto por el partido Movimiento de Regeneraci\u00f3n Nacional (MORENA).&nbsp;<\/p>\n\n\n\n<p class=\"gmail-p1\">En tanto, los agravios formulados por los partidos Movimiento Ciudadano (MC) y Acci\u00f3n Nacional fueron infundados, ya que la emisi\u00f3n de los acuerdos no vulnera el periodo que establece el art\u00edculo 105, fracci\u00f3n II, pen\u00faltimo p\u00e1rrafo, de la constituci\u00f3n federal.&nbsp;<\/p>\n\n\n\n<p class=\"gmail-p1\">Porque el periodo que establece el supuesto normativo es exclusivamente para los procesos electorales ordinarios, y no para los mecanismos de participaci\u00f3n ciudadana como la revocaci\u00f3n de mandato.<\/p>\n\n\n\n<p class=\"gmail-p1\">El Pleno confirm\u00f3 los acuerdos IEEPCO-CG-23\/2025 y IEEPCO-CG-24\/2025, que fue materia de impugnaci\u00f3n.&nbsp;<\/p>\n\n\n\n<p class=\"gmail-p1\">Los proyectos analizados y resueltos en esta sesi\u00f3n, fueron: tres juicios para la Protecci\u00f3n de los Derechos Pol\u00edtico Electorales de la Ciudadan\u00eda en el R\u00e9gimen de Sistemas Normativos Internos (JDCI), dos Juicios Electorales de los Sistemas Normativos Internos (JNI) y tres Recursos de Apelaci\u00f3n (RA).&nbsp;<\/p>\n","protected":false},"excerpt":{"rendered":"<p>Redacci\u00f3n\/Zona Roja. Oaxaca, Oax., a 31 de octubre de 2025.- El Tribunal Electoral del Estado&hellip;<\/p>\n","protected":false},"author":2,"featured_media":70521,"comment_status":"closed","ping_status":"open","sticky":false,"template":"","format":"standard","meta":{"_lmt_disableupdate":"","_lmt_disable":"","_jetpack_memberships_contains_paid_content":false,"footnotes":""},"categories":[109,47],"tags":[],"class_list":["post-86409","post","type-post","status-publish","format-standard","has-post-thumbnail","hentry","category-minuto-a-minuto","category-zona-gris"],"jetpack_featured_media_url":"https:\/\/zonaroja.com.mx\/wp-content\/uploads\/2024\/07\/TEEO-Tribunal-Electoral.jpg","jetpack_sharing_enabled":true,"_links":{"self":[{"href":"https:\/\/zonaroja.com.mx\/index.php?rest_route=\/wp\/v2\/posts\/86409","targetHints":{"allow":["GET"]}}],"collection":[{"href":"https:\/\/zonaroja.com.mx\/index.php?rest_route=\/wp\/v2\/posts"}],"about":[{"href":"https:\/\/zonaroja.com.mx\/index.php?rest_route=\/wp\/v2\/types\/post"}],"author":[{"embeddable":true,"href":"https:\/\/zonaroja.com.mx\/index.php?rest_route=\/wp\/v2\/users\/2"}],"replies":[{"embeddable":true,"href":"https:\/\/zonaroja.com.mx\/index.php?rest_route=%2Fwp%2Fv2%2Fcomments&post=86409"}],"version-history":[{"count":1,"href":"https:\/\/zonaroja.com.mx\/index.php?rest_route=\/wp\/v2\/posts\/86409\/revisions"}],"predecessor-version":[{"id":86410,"href":"https:\/\/zonaroja.com.mx\/index.php?rest_route=\/wp\/v2\/posts\/86409\/revisions\/86410"}],"wp:featuredmedia":[{"embeddable":true,"href":"https:\/\/zonaroja.com.mx\/index.php?rest_route=\/wp\/v2\/media\/70521"}],"wp:attachment":[{"href":"https:\/\/zonaroja.com.mx\/index.php?rest_route=%2Fwp%2Fv2%2Fmedia&parent=86409"}],"wp:term":[{"taxonomy":"category","embeddable":true,"href":"https:\/\/zonaroja.com.mx\/index.php?rest_route=%2Fwp%2Fv2%2Fcategories&post=86409"},{"taxonomy":"post_tag","embeddable":true,"href":"https:\/\/zonaroja.com.mx\/index.php?rest_route=%2Fwp%2Fv2%2Ftags&post=86409"}],"curies":[{"name":"wp","href":"https:\/\/api.w.org\/{rel}","templated":true}]}}