{"id":86414,"date":"2025-10-31T20:36:24","date_gmt":"2025-11-01T02:36:24","guid":{"rendered":"https:\/\/zonaroja.com.mx\/?p=86414"},"modified":"2025-10-31T20:36:27","modified_gmt":"2025-11-01T02:36:27","slug":"con-marcha-conmemoran-los-100-anos-de-la-escuela-normal-de-tamazulapam","status":"publish","type":"post","link":"https:\/\/zonaroja.com.mx\/?p=86414","title":{"rendered":"Con marcha, conmemoran los 100 a\u00f1os de la Escuela Normal de Tamazul\u00e1pam"},"content":{"rendered":"\n<p>Lisbeth Mej\u00eda Reyes\/Zona Roja.<\/p>\n\n\n\n<p>Oaxaca, Oax., a 31 de octubre de 2025.- Con una marcha en la ciudad de Oaxaca, la Secci\u00f3n 22 del Sindicato Nacional de Trabajadores de la Educaci\u00f3n (SNTE), estudiantes normalistas y egresadas conmemoraron este viernes el aniversario n\u00famero 100 de la Escuela Normal Rural \u201cVanguardia\u201d de Tamazul\u00e1pam (Enruva).&nbsp;<\/p>\n\n\n\n<p>La marcha fue encabezada por la secretaria General de la Secci\u00f3n 22, Yenny Araceli P\u00e9rez Mart\u00ednez, e incluy\u00f3 un programa socio-cultural en la Plaza de la Danza, a donde arrib\u00f3 el contingente de mujeres que parti\u00f3 de la fuente de las Ocho Regiones.<\/p>\n\n\n\n<p>\u00abLa movilizaci\u00f3n busca reafirmar el compromiso hist\u00f3rico de las normales rurales con la educaci\u00f3n p\u00fablica, gratuita y popular, as\u00ed como rendir homenaje a un siglo de lucha y formaci\u00f3n docente en la Escuela Normal Rural \u2018Vanguardia\u2019 de Tamazul\u00e1pam\u00bb, expres\u00f3 la Secci\u00f3n 22, tambi\u00e9n adherida a la Coordinadora Nacional de Trabajadores de la Educaci\u00f3n (CNTE).<\/p>\n\n\n\n<p>En sus redes sociales, la gremial record\u00f3 que la Enruva se fund\u00f3 el 3 de noviembre de 1925, \u00abcomo parte del proyecto nacional de educaci\u00f3n rural impulsado en la posrevoluci\u00f3n, con el objetivo de formar maestras y maestros para las comunidades m\u00e1s apartadas del pa\u00eds\u00bb.<\/p>\n\n\n\n<p>En estos 100 a\u00f1os, y tras m\u00faltiples cambios de sede, desde San Antonio de la Cal hasta la Villa de Tamazul\u00e1pam del Progreso, la escuela \u00abha sido un basti\u00f3n de la educaci\u00f3n rural y de la formaci\u00f3n de maestros comprometidos con las comunidades m\u00e1s necesitadas\u00bb.&nbsp;<\/p>\n\n\n\n<p>Sin embargo, tambi\u00e9n \u00abha enfrentado m\u00faltiples retos, entre ellos el intento de desmantelamiento de las normales rurales por parte del Estado, as\u00ed como dificultades presupuestarias y conflictos pol\u00edticos\u00bb.<\/p>\n\n\n\n<p>Pese a esto, apunt\u00f3 que la \u00abinstituci\u00f3n ha resistido, consolid\u00e1ndose como una piedra angular de la educaci\u00f3n p\u00fablica y un s\u00edmbolo de lucha y perseverancia\u00bb.<\/p>\n\n\n\n<figure class=\"wp-block-embed is-type-rich is-provider-twitter wp-block-embed-twitter\"><div class=\"wp-block-embed__wrapper\">\n<div class=\"twitter-tweet\"><blockquote class=\"twitter-tweet\" data-lang=\"es\"><p lang=\"es\" dir=\"ltr\"><a href=\"https:\/\/twitter.com\/hashtag\/ENVIVO?src=hash&amp;ref_src=twsrc%5Etfw\">#ENVIVO<\/a><br>Oaxaca.- Estudiantes de la Escuela Normal \u201cVanguardia\u201d de Tamazul\u00e1pam del Profeso realizan una marcha del norte al centro de la ciudad de Oaxaca, en el marco del centenario del plantel. <a href=\"https:\/\/t.co\/kerJW1wJDf\">https:\/\/t.co\/kerJW1wJDf<\/a><\/p>&mdash; Zona Roja Oaxaca (@ZonaRoja_Oaxaca) <a href=\"https:\/\/twitter.com\/ZonaRoja_Oaxaca\/status\/1984396904684564850?ref_src=twsrc%5Etfw\">31 de octubre de 2025<\/a><\/blockquote><\/div>\n<\/div><\/figure>\n","protected":false},"excerpt":{"rendered":"<p>Lisbeth Mej\u00eda Reyes\/Zona Roja. Oaxaca, Oax., a 31 de octubre de 2025.- Con una marcha&hellip;<\/p>\n","protected":false},"author":2,"featured_media":86415,"comment_status":"closed","ping_status":"open","sticky":false,"template":"","format":"standard","meta":{"_lmt_disableupdate":"","_lmt_disable":"","_jetpack_memberships_contains_paid_content":false,"footnotes":""},"categories":[109,46],"tags":[759],"class_list":["post-86414","post","type-post","status-publish","format-standard","has-post-thumbnail","hentry","category-minuto-a-minuto","category-zona-blanca","tag-escuela-normal-vanguardia-de-tamazulapam"],"jetpack_featured_media_url":"https:\/\/zonaroja.com.mx\/wp-content\/uploads\/2025\/10\/Marcha-100-anos-Escuela-Normal.jpg","jetpack_sharing_enabled":true,"_links":{"self":[{"href":"https:\/\/zonaroja.com.mx\/index.php?rest_route=\/wp\/v2\/posts\/86414","targetHints":{"allow":["GET"]}}],"collection":[{"href":"https:\/\/zonaroja.com.mx\/index.php?rest_route=\/wp\/v2\/posts"}],"about":[{"href":"https:\/\/zonaroja.com.mx\/index.php?rest_route=\/wp\/v2\/types\/post"}],"author":[{"embeddable":true,"href":"https:\/\/zonaroja.com.mx\/index.php?rest_route=\/wp\/v2\/users\/2"}],"replies":[{"embeddable":true,"href":"https:\/\/zonaroja.com.mx\/index.php?rest_route=%2Fwp%2Fv2%2Fcomments&post=86414"}],"version-history":[{"count":1,"href":"https:\/\/zonaroja.com.mx\/index.php?rest_route=\/wp\/v2\/posts\/86414\/revisions"}],"predecessor-version":[{"id":86416,"href":"https:\/\/zonaroja.com.mx\/index.php?rest_route=\/wp\/v2\/posts\/86414\/revisions\/86416"}],"wp:featuredmedia":[{"embeddable":true,"href":"https:\/\/zonaroja.com.mx\/index.php?rest_route=\/wp\/v2\/media\/86415"}],"wp:attachment":[{"href":"https:\/\/zonaroja.com.mx\/index.php?rest_route=%2Fwp%2Fv2%2Fmedia&parent=86414"}],"wp:term":[{"taxonomy":"category","embeddable":true,"href":"https:\/\/zonaroja.com.mx\/index.php?rest_route=%2Fwp%2Fv2%2Fcategories&post=86414"},{"taxonomy":"post_tag","embeddable":true,"href":"https:\/\/zonaroja.com.mx\/index.php?rest_route=%2Fwp%2Fv2%2Ftags&post=86414"}],"curies":[{"name":"wp","href":"https:\/\/api.w.org\/{rel}","templated":true}]}}