{"id":86420,"date":"2025-11-01T07:45:00","date_gmt":"2025-11-01T13:45:00","guid":{"rendered":"https:\/\/zonaroja.com.mx\/?p=86420"},"modified":"2025-11-01T06:36:20","modified_gmt":"2025-11-01T12:36:20","slug":"juchitan-imparable-cuatro-crimenes-en-una-semana","status":"publish","type":"post","link":"https:\/\/zonaroja.com.mx\/?p=86420","title":{"rendered":"Juchit\u00e1n imparable; cuatro cr\u00edmenes en una semana"},"content":{"rendered":"\n<p>Ismael Garc\u00eda M.\/Zona Roja.<\/p>\n\n\n\n<p>Oaxaca, Oax., a 1 de noviembre de 2025.- Mientras la autoridad municipal contin\u00faa omisa, en Juchit\u00e1n de Zaragoza la ola criminal se eleva a cuatro ejecutados a balazos en menos de una semana; una v\u00edctima de ellas, fue descuartizada y calcinada.<\/p>\n\n\n\n<p>Anoche en el Perif\u00e9rico, a la altura de la entrada de la colonia Del \u00c1ngel, fue descubierto un cuerpo, con huellas de tortura, maniatados, la cabeza en una bolsa y con impactos de arma de fuego.<\/p>\n\n\n\n<p>Seg\u00fan los primeros reportes policiacos, la v\u00edctima fue identificada de manera preliminar como Jos\u00e9 F. P. M., quien fue retirado por los familiares antes de que se iniciaran las labores periciales.<\/p>\n\n\n\n<p>Hasta el momento se desconoce el m\u00f3vil del crimen y la Fiscal\u00eda General del Estado de Oaxaca, a trav\u00e9s de la Vicefiscal\u00eda Regional del Istmo, contin\u00faa con las indagatorias.<\/p>\n\n\n\n<p>Apenas la tarde del jueves, un mototaxista fue ultimado a balazos en la calle Francisco I. Madero de la S\u00e9ptima Secci\u00f3n y los familiares tambi\u00e9n se llevaron el cuerpo.<\/p>\n\n\n\n<p>Los otros dos cr\u00edmenes en Juchit\u00e1n sucedieron el pasado lunes y el s\u00e1bado; en este \u00faltimo caso, un mototaxista fue ejecutado con sa\u00f1a, pues su cuerpo fue descuartizado e incinerado junto con su unidad de motor.<\/p>\n\n\n\n<p>En todos los casos de la semana que termina, a\u00fan no hay personas detenidas.<\/p>\n","protected":false},"excerpt":{"rendered":"<p>Ismael Garc\u00eda M.\/Zona Roja. Oaxaca, Oax., a 1 de noviembre de 2025.- Mientras la autoridad&hellip;<\/p>\n","protected":false},"author":2,"featured_media":73641,"comment_status":"closed","ping_status":"open","sticky":false,"template":"","format":"standard","meta":{"_lmt_disableupdate":"","_lmt_disable":"","_jetpack_memberships_contains_paid_content":false,"footnotes":""},"categories":[109,51],"tags":[297],"class_list":["post-86420","post","type-post","status-publish","format-standard","has-post-thumbnail","hentry","category-minuto-a-minuto","category-zona-roja","tag-ejecutado-juchitan"],"jetpack_featured_media_url":"https:\/\/zonaroja.com.mx\/wp-content\/uploads\/2024\/10\/Escena-balazos-balas-policiaca.jpg","jetpack_sharing_enabled":true,"_links":{"self":[{"href":"https:\/\/zonaroja.com.mx\/index.php?rest_route=\/wp\/v2\/posts\/86420","targetHints":{"allow":["GET"]}}],"collection":[{"href":"https:\/\/zonaroja.com.mx\/index.php?rest_route=\/wp\/v2\/posts"}],"about":[{"href":"https:\/\/zonaroja.com.mx\/index.php?rest_route=\/wp\/v2\/types\/post"}],"author":[{"embeddable":true,"href":"https:\/\/zonaroja.com.mx\/index.php?rest_route=\/wp\/v2\/users\/2"}],"replies":[{"embeddable":true,"href":"https:\/\/zonaroja.com.mx\/index.php?rest_route=%2Fwp%2Fv2%2Fcomments&post=86420"}],"version-history":[{"count":1,"href":"https:\/\/zonaroja.com.mx\/index.php?rest_route=\/wp\/v2\/posts\/86420\/revisions"}],"predecessor-version":[{"id":86421,"href":"https:\/\/zonaroja.com.mx\/index.php?rest_route=\/wp\/v2\/posts\/86420\/revisions\/86421"}],"wp:featuredmedia":[{"embeddable":true,"href":"https:\/\/zonaroja.com.mx\/index.php?rest_route=\/wp\/v2\/media\/73641"}],"wp:attachment":[{"href":"https:\/\/zonaroja.com.mx\/index.php?rest_route=%2Fwp%2Fv2%2Fmedia&parent=86420"}],"wp:term":[{"taxonomy":"category","embeddable":true,"href":"https:\/\/zonaroja.com.mx\/index.php?rest_route=%2Fwp%2Fv2%2Fcategories&post=86420"},{"taxonomy":"post_tag","embeddable":true,"href":"https:\/\/zonaroja.com.mx\/index.php?rest_route=%2Fwp%2Fv2%2Ftags&post=86420"}],"curies":[{"name":"wp","href":"https:\/\/api.w.org\/{rel}","templated":true}]}}