{"id":86422,"date":"2025-11-01T08:39:00","date_gmt":"2025-11-01T14:39:00","guid":{"rendered":"https:\/\/zonaroja.com.mx\/?p=86422"},"modified":"2025-11-01T06:41:26","modified_gmt":"2025-11-01T12:41:26","slug":"acuden-miles-a-velada-en-panteones-de-xoxocotlan","status":"publish","type":"post","link":"https:\/\/zonaroja.com.mx\/?p=86422","title":{"rendered":"Acuden miles a velada en panteones de Xoxocotl\u00e1n"},"content":{"rendered":"\n<p>Redacci\u00f3n\/Zona Roja.<\/p>\n\n\n\n<p>Oaxaca, Oax., a 1 de noviembre de 2025.- La Velada de los Fieles Difuntos 2025, una de las noches m\u00e1s esperadas por las familias de Santa Cruz Xoxocotl\u00e1n y visitantes de todo el mundo, volvi\u00f3 a llenar los panteones San Sebasti\u00e1n M\u00e1rtir, Mictlanc\u00edhuatl y Monte Alb\u00e1n de vida, color y sentimiento.<\/p>\n\n\n\n<p>Desde el atardecer, los camposantos se encendieron con miles de velas, mientras las familias llegaban con flores de cempas\u00fachil, tamales, chocolate y las fotos de quienes, aunque ausentes, siguen habitando el coraz\u00f3n.<\/p>\n\n\n\n<p>La presidenta municipal Nancy Ben\u00edtez Z\u00e1rate, estuvo acompa\u00f1ada durante su recorrido por invitados especiales como la diputada local, Tania Caballero Navarro; el edil de San Pedro Ixtlahuaca, Roberto P\u00e9rez Delgado y el dirigente, Shabin Jara Bola\u00f1os.&nbsp;<\/p>\n\n\n\n<p>En el parque central, la Banda Filarm\u00f3nica Infantil y Juvenil de Santa Cruz Xoxocotl\u00e1n inaugur\u00f3 la Velada con un concierto lleno de esperanza y orgullo, reflejando el talento de las nuevas generaciones.<\/p>\n\n\n\n<p>Mientras tanto, en la calle M\u00e1rtires de Tacubaya, la Banda Ritmo de mi Raza hizo vibrar al p\u00fablico con su energ\u00eda festiva, y la Banda Filarm\u00f3nica Reina Dorada llen\u00f3 de sones el Pante\u00f3n Monte Alb\u00e1n, donde las velas parec\u00edan bailar al comp\u00e1s de la m\u00fasica.<\/p>\n\n\n\n<p>El recorrido musical continu\u00f3 en el Pante\u00f3n Mictlanc\u00edhuatl, con la presentaci\u00f3n de Paola Hersa, del Instituto de Lenguas, quien con su voz conmovi\u00f3 a los presentes.<\/p>\n\n\n\n<p>M\u00e1s tarde, la emblem\u00e1tica banda del maestro Porfirio Avenda\u00f1o encendi\u00f3 los \u00e1nimos con el concierto \u201cCuando suena la banda, hasta el muerto se levanta\u201d, una expresi\u00f3n viva del alma oaxaque\u00f1a que celebra la vida incluso en el recuerdo.<\/p>\n\n\n\n<p>El cierre fue un canto al esp\u00edritu y a la eternidad: el tenor Pedro Ovando present\u00f3 el recital \u201cLa vida es un momento\u201d, seguido por \u201cCelebrando la eternidad\u201d, a cargo de la Banda La Joya de Antequera en dueto con la maestra Cinthya Ordaz, quienes ofrecieron una ofrenda musical que uni\u00f3 el cielo con la tierra.<\/p>\n\n\n\n<p>En esta noche m\u00e1gica, la m\u00fasica se volvi\u00f3 plegaria, la luz se hizo memoria y el pueblo de Xoxocotl\u00e1n reafirm\u00f3 su identidad como un lugar donde la tradici\u00f3n no se conserva: se vive, se canta y se ilumina cada 31 de octubre.<\/p>\n","protected":false},"excerpt":{"rendered":"<p>Redacci\u00f3n\/Zona Roja. Oaxaca, Oax., a 1 de noviembre de 2025.- La Velada de los Fieles&hellip;<\/p>\n","protected":false},"author":2,"featured_media":86423,"comment_status":"closed","ping_status":"open","sticky":false,"template":"","format":"standard","meta":{"_lmt_disableupdate":"","_lmt_disable":"","_jetpack_memberships_contains_paid_content":false,"footnotes":""},"categories":[109,46],"tags":[3376,133],"class_list":["post-86422","post","type-post","status-publish","format-standard","has-post-thumbnail","hentry","category-minuto-a-minuto","category-zona-blanca","tag-nancy-benitez","tag-santa-cruz-xoxocotlan"],"jetpack_featured_media_url":"https:\/\/zonaroja.com.mx\/wp-content\/uploads\/2025\/11\/Xoxocotlan-vive-la-noche-mas-luminosa-del-ano-La-Velada-de-los-Fieles-Difuntos-3.jpeg","jetpack_sharing_enabled":true,"_links":{"self":[{"href":"https:\/\/zonaroja.com.mx\/index.php?rest_route=\/wp\/v2\/posts\/86422","targetHints":{"allow":["GET"]}}],"collection":[{"href":"https:\/\/zonaroja.com.mx\/index.php?rest_route=\/wp\/v2\/posts"}],"about":[{"href":"https:\/\/zonaroja.com.mx\/index.php?rest_route=\/wp\/v2\/types\/post"}],"author":[{"embeddable":true,"href":"https:\/\/zonaroja.com.mx\/index.php?rest_route=\/wp\/v2\/users\/2"}],"replies":[{"embeddable":true,"href":"https:\/\/zonaroja.com.mx\/index.php?rest_route=%2Fwp%2Fv2%2Fcomments&post=86422"}],"version-history":[{"count":1,"href":"https:\/\/zonaroja.com.mx\/index.php?rest_route=\/wp\/v2\/posts\/86422\/revisions"}],"predecessor-version":[{"id":86424,"href":"https:\/\/zonaroja.com.mx\/index.php?rest_route=\/wp\/v2\/posts\/86422\/revisions\/86424"}],"wp:featuredmedia":[{"embeddable":true,"href":"https:\/\/zonaroja.com.mx\/index.php?rest_route=\/wp\/v2\/media\/86423"}],"wp:attachment":[{"href":"https:\/\/zonaroja.com.mx\/index.php?rest_route=%2Fwp%2Fv2%2Fmedia&parent=86422"}],"wp:term":[{"taxonomy":"category","embeddable":true,"href":"https:\/\/zonaroja.com.mx\/index.php?rest_route=%2Fwp%2Fv2%2Fcategories&post=86422"},{"taxonomy":"post_tag","embeddable":true,"href":"https:\/\/zonaroja.com.mx\/index.php?rest_route=%2Fwp%2Fv2%2Ftags&post=86422"}],"curies":[{"name":"wp","href":"https:\/\/api.w.org\/{rel}","templated":true}]}}