{"id":86425,"date":"2025-11-01T08:30:00","date_gmt":"2025-11-01T14:30:00","guid":{"rendered":"https:\/\/zonaroja.com.mx\/?p=86425"},"modified":"2025-11-01T06:46:23","modified_gmt":"2025-11-01T12:46:23","slug":"megacomparsa-llena-las-calles-de-la-ciudad-de-oaxaca","status":"publish","type":"post","link":"https:\/\/zonaroja.com.mx\/?p=86425","title":{"rendered":"Megacomparsa llena las calles de la ciudad de Oaxaca"},"content":{"rendered":"\n<p>Redacci\u00f3n\/Zona Roja.&nbsp;<\/p>\n\n\n\n<p>Oaxaca, Oax., a 1 de noviembre de 2025.- El sonido de las bandas anuncia que la fiesta ha comenzado. En Oaxaca, el viento sopla distinto cuando llega la Fiesta de Todos Santos: huele a copal, a pan de yema y a cempas\u00fachil reci\u00e9n cortado. Desde la Fuente de las Ocho Regiones, un torrente de m\u00fasica, color y tradici\u00f3n se abre paso hacia el coraz\u00f3n de la ciudad.<\/p>\n\n\n\n<p>Es la Gran Comparsa del D\u00eda de Muertos, La Fiesta m\u00e1s Viva de Todas, donde la muerte se disfraza de alegr\u00eda y el pueblo entero sale a danzarle a la memoria.<\/p>\n\n\n\n<p>El gobernador Salom\u00f3n Jara Cruz, la presidenta honoraria del Sistema DIF Oaxaca, Irma Bola\u00f1os Quijano, y la representante de la Diosa Cent\u00e9otl 2025, Patricia Casiano Zaragoza, encabezan el recorrido; quienes comparten con toda la gente el orgullo de sus ra\u00edces.<\/p>\n\n\n\n<p>M\u00e1s de 50 contingentes recorren la ciudad como un r\u00edo multicolor. Marmotas giran en el aire como soles danzantes; los carros aleg\u00f3ricos relucen con sus altares, tumbas, calaveras, velas y penachos.<\/p>\n\n\n\n<p>Las calles palpitan, las risas estallan y los rostros pintados se confunden entre catrinas, catrines, esqueletos y disfraces de papel, plumas, luces, listones y textiles.<\/p>\n\n\n\n<p>Las Chinas Oaxaque\u00f1as bailan con sus faldas negras elegantes, canastas floridas y faroles de brujas; mientras monos de calenda se asoman sobre la multitud como guardianes del p\u00fablico.<\/p>\n\n\n\n<p>El aire vibra con los acordes de mariachis y las cuerdas alegres de las y los jaraneros. A su paso, los alebrijes arden en color, m\u00fasica y diversi\u00f3n; y las lloronas cantan entre las calles del Coraz\u00f3n Cultural de M\u00e9xico.<\/p>\n\n\n\n<p>Entre ellas desfilan los 16 pueblos, la locomotora, m\u00e1scaras de cartoner\u00eda, flores vivas de cempas\u00fachil, doncellas, panes de muerto, diablos rojos y loter\u00edas hechas cuerpo y tradici\u00f3n.<\/p>\n\n\n\n<p>El cielo se viste de morado, las luces se encienden y el murmullo se convierte en canto de \u00a1Viva Oaxaca!, porque aqu\u00ed, la muerte no es ausencia: es presencia luminosa y memoria que baila.<\/p>\n\n\n\n<p>Hoy, la Primavera Oaxaque\u00f1a rinde homenaje a la vida y a sus fieles difuntos en esta, \u00a1La Fiesta m\u00e1s Viva de Todas!<\/p>\n","protected":false},"excerpt":{"rendered":"<p>Redacci\u00f3n\/Zona Roja.&nbsp; Oaxaca, Oax., a 1 de noviembre de 2025.- El sonido de las bandas&hellip;<\/p>\n","protected":false},"author":2,"featured_media":86426,"comment_status":"closed","ping_status":"open","sticky":false,"template":"","format":"standard","meta":{"_lmt_disableupdate":"","_lmt_disable":"","_jetpack_memberships_contains_paid_content":false,"footnotes":""},"categories":[109,46],"tags":[939],"class_list":["post-86425","post","type-post","status-publish","format-standard","has-post-thumbnail","hentry","category-minuto-a-minuto","category-zona-blanca","tag-salomon-jara-cruz"],"jetpack_featured_media_url":"https:\/\/zonaroja.com.mx\/wp-content\/uploads\/2025\/11\/Las-calles-de-Oaxaca-se-llenan-de-vida-con-la-Gran-Comparsa-del-Dia-de-Muertos-12.jpeg","jetpack_sharing_enabled":true,"_links":{"self":[{"href":"https:\/\/zonaroja.com.mx\/index.php?rest_route=\/wp\/v2\/posts\/86425","targetHints":{"allow":["GET"]}}],"collection":[{"href":"https:\/\/zonaroja.com.mx\/index.php?rest_route=\/wp\/v2\/posts"}],"about":[{"href":"https:\/\/zonaroja.com.mx\/index.php?rest_route=\/wp\/v2\/types\/post"}],"author":[{"embeddable":true,"href":"https:\/\/zonaroja.com.mx\/index.php?rest_route=\/wp\/v2\/users\/2"}],"replies":[{"embeddable":true,"href":"https:\/\/zonaroja.com.mx\/index.php?rest_route=%2Fwp%2Fv2%2Fcomments&post=86425"}],"version-history":[{"count":1,"href":"https:\/\/zonaroja.com.mx\/index.php?rest_route=\/wp\/v2\/posts\/86425\/revisions"}],"predecessor-version":[{"id":86427,"href":"https:\/\/zonaroja.com.mx\/index.php?rest_route=\/wp\/v2\/posts\/86425\/revisions\/86427"}],"wp:featuredmedia":[{"embeddable":true,"href":"https:\/\/zonaroja.com.mx\/index.php?rest_route=\/wp\/v2\/media\/86426"}],"wp:attachment":[{"href":"https:\/\/zonaroja.com.mx\/index.php?rest_route=%2Fwp%2Fv2%2Fmedia&parent=86425"}],"wp:term":[{"taxonomy":"category","embeddable":true,"href":"https:\/\/zonaroja.com.mx\/index.php?rest_route=%2Fwp%2Fv2%2Fcategories&post=86425"},{"taxonomy":"post_tag","embeddable":true,"href":"https:\/\/zonaroja.com.mx\/index.php?rest_route=%2Fwp%2Fv2%2Ftags&post=86425"}],"curies":[{"name":"wp","href":"https:\/\/api.w.org\/{rel}","templated":true}]}}