{"id":86433,"date":"2025-11-01T12:00:00","date_gmt":"2025-11-01T18:00:00","guid":{"rendered":"https:\/\/zonaroja.com.mx\/?p=86433"},"modified":"2025-11-01T08:00:52","modified_gmt":"2025-11-01T14:00:52","slug":"preven-concluir-en-diciembre-remodelacion-de-la-central-de-abasto","status":"publish","type":"post","link":"https:\/\/zonaroja.com.mx\/?p=86433","title":{"rendered":"Prev\u00e9n concluir en diciembre remodelaci\u00f3n de la Central de Abasto"},"content":{"rendered":"\n<p>Ismael Garc\u00eda M.\/Zona Roja.<\/p>\n\n\n\n<p>Oaxaca, Oax., a 1 de noviembre de 2025.- Al lamentar que no haya habido suficiente informaci\u00f3n respecto a la obra abandonada en la Central de Abasto, el presidente municipal de Oaxaca de Ju\u00e1rez, Raymundo Chagoya, anunci\u00f3 la conclusi\u00f3n de la rehabilitaci\u00f3n del \u00e1rea de pan y comida a finales de diciembre pr\u00f3ximo.<\/p>\n\n\n\n<p>El edil y funcionarios municipales, as\u00ed como el periodista espa\u00f1ol Alberto Pel\u00e1ez, efectu\u00f3 ayer viernes un recorrido por los trabajos, que fueron retomados tras gestiones con la Secretar\u00eda de Desarrollo Agrario, Territorial y Urbano (Sedatu).<\/p>\n\n\n\n<p>\u201cEs una obra que ahora s\u00ed ser\u00e1 realidad; una obra que ahora s\u00ed va a tener vida, va a ser entregada completa y por supuesto funcionando y va a ser un lugar lleno de color y de sabor\u201d, dijo ayer.<\/p>\n\n\n\n<p>En su mensaje, el edil asegur\u00f3 que se analizan tambi\u00e9n obras alternas, como la el transporte y sitios de estacionamiento, con la finalidad de que un mayor n\u00famero de personas puedan llegar sin contratiempos a la Central de Abasto.<\/p>\n\n\n\n<p>Entre otras acciones, se construyen al menos dos cisternas, que no estaban consideradas en el proyecto anterior, iniciado por Francisco Mart\u00ednez Neri y obra abandonada por m\u00e1s de un a\u00f1o.<\/p>\n\n\n\n<p>\u201cEn el mercado es donde m\u00e1s se vive la vida vecinal, es el alma de la capital. Lo que queremos para la Central de Abasto es terminarla, que funcione y que estemos disfrutando eso\u201d, dijo Chagoya.<\/p>\n\n\n\n<p>A\u00f1adi\u00f3 que las obras que se impulsan en el \u00e1rea de pan y comida es apenas un 20 por ciento de la rehabilitaci\u00f3n integral que se requiere en ese espacio comercial, por lo cual se seguir\u00e1n buscando inversiones.<\/p>\n\n\n\n<p>En esta \u00faltima etapa de la obra se requieren al menos 110 millones de pesos, de los cuales la Sedatu autoriz\u00f3 89 millones de pesos y el resto ser\u00e1n aportaci\u00f3n del ayuntamiento capitalino.<\/p>\n\n\n\n<p>Fueron iniciadas en el trienio de Mart\u00ednez Neri y al t\u00e9rmino, la inversi\u00f3n total aumentar\u00eda a unos 350 millones de pesos.<\/p>\n\n\n\n<p>Mientras tanto, unos 600 vendedores continuan distribuidos temporalmente en otras \u00e1reas del Mercado de Abasto y calles aleda\u00f1as, entre ellas la \u00faltima de Las Casas.<\/p>\n\n\n\n<p>Al t\u00e9rmino del recorrido por los trabajos, el secretario de Gobierno y Territorio, No\u00e9 Jara Cruz, agradeci\u00f3 a los comerciantes y a sus dirigentes el respaldo a la obra y a las acciones que emprende el gobierno municipal de Raymundo Chagoya.<\/p>\n\n\n\n<figure class=\"wp-block-embed is-type-rich is-provider-twitter wp-block-embed-twitter\"><div class=\"wp-block-embed__wrapper\">\n<div class=\"twitter-tweet\"><blockquote class=\"twitter-tweet\" data-lang=\"es\"><p lang=\"es\" dir=\"ltr\">Despu\u00e9s de m\u00e1s de un a\u00f1o de suspendida la obra, el <a href=\"https:\/\/twitter.com\/MunicipioOaxaca?ref_src=twsrc%5Etfw\">@MunicipioOaxaca<\/a>, con el apoyo de la <a href=\"https:\/\/twitter.com\/SEDATU_mx?ref_src=twsrc%5Etfw\">@SEDATU_mx<\/a>, retom\u00f3 los trabajos de construcci\u00f3n del \u00e1rea de pan y comedores de la Central de Abasto de la capital, que se prev\u00e9n concluir a finales de este a\u00f1o. <br>As\u00ed avanzan los trabajos: <a href=\"https:\/\/t.co\/vLxEsLqf7s\">pic.twitter.com\/vLxEsLqf7s<\/a><\/p>&mdash; Zona Roja Oaxaca (@ZonaRoja_Oaxaca) <a href=\"https:\/\/twitter.com\/ZonaRoja_Oaxaca\/status\/1984330715358781947?ref_src=twsrc%5Etfw\">31 de octubre de 2025<\/a><\/blockquote><\/div>\n<\/div><\/figure>\n","protected":false},"excerpt":{"rendered":"<p>Ismael Garc\u00eda M.\/Zona Roja. Oaxaca, Oax., a 1 de noviembre de 2025.- Al lamentar que&hellip;<\/p>\n","protected":false},"author":2,"featured_media":86435,"comment_status":"closed","ping_status":"open","sticky":false,"template":"","format":"standard","meta":{"_lmt_disableupdate":"","_lmt_disable":"","_jetpack_memberships_contains_paid_content":false,"footnotes":""},"categories":[109,46],"tags":[148,4403],"class_list":["post-86433","post","type-post","status-publish","format-standard","has-post-thumbnail","hentry","category-minuto-a-minuto","category-zona-blanca","tag-oaxaca-de-juarez","tag-ray-chagoya"],"jetpack_featured_media_url":"https:\/\/zonaroja.com.mx\/wp-content\/uploads\/2025\/11\/Recorrido-Ray-Chagya-Central-de-Abasto.jpg","jetpack_sharing_enabled":true,"_links":{"self":[{"href":"https:\/\/zonaroja.com.mx\/index.php?rest_route=\/wp\/v2\/posts\/86433","targetHints":{"allow":["GET"]}}],"collection":[{"href":"https:\/\/zonaroja.com.mx\/index.php?rest_route=\/wp\/v2\/posts"}],"about":[{"href":"https:\/\/zonaroja.com.mx\/index.php?rest_route=\/wp\/v2\/types\/post"}],"author":[{"embeddable":true,"href":"https:\/\/zonaroja.com.mx\/index.php?rest_route=\/wp\/v2\/users\/2"}],"replies":[{"embeddable":true,"href":"https:\/\/zonaroja.com.mx\/index.php?rest_route=%2Fwp%2Fv2%2Fcomments&post=86433"}],"version-history":[{"count":1,"href":"https:\/\/zonaroja.com.mx\/index.php?rest_route=\/wp\/v2\/posts\/86433\/revisions"}],"predecessor-version":[{"id":86436,"href":"https:\/\/zonaroja.com.mx\/index.php?rest_route=\/wp\/v2\/posts\/86433\/revisions\/86436"}],"wp:featuredmedia":[{"embeddable":true,"href":"https:\/\/zonaroja.com.mx\/index.php?rest_route=\/wp\/v2\/media\/86435"}],"wp:attachment":[{"href":"https:\/\/zonaroja.com.mx\/index.php?rest_route=%2Fwp%2Fv2%2Fmedia&parent=86433"}],"wp:term":[{"taxonomy":"category","embeddable":true,"href":"https:\/\/zonaroja.com.mx\/index.php?rest_route=%2Fwp%2Fv2%2Fcategories&post=86433"},{"taxonomy":"post_tag","embeddable":true,"href":"https:\/\/zonaroja.com.mx\/index.php?rest_route=%2Fwp%2Fv2%2Ftags&post=86433"}],"curies":[{"name":"wp","href":"https:\/\/api.w.org\/{rel}","templated":true}]}}