{"id":86437,"date":"2025-11-01T13:09:00","date_gmt":"2025-11-01T19:09:00","guid":{"rendered":"https:\/\/zonaroja.com.mx\/?p=86437"},"modified":"2025-11-01T08:10:08","modified_gmt":"2025-11-01T14:10:08","slug":"pide-gobierno-a-fiscalia-investigar-a-instigadores-de-violencia-en-la-mixteca","status":"publish","type":"post","link":"https:\/\/zonaroja.com.mx\/?p=86437","title":{"rendered":"Pide gobierno a Fiscal\u00eda investigar a instigadores de violencia en la Mixteca"},"content":{"rendered":"\n<p>Redacci\u00f3n\/Zona Roja.<\/p>\n\n\n\n<p>Oaxaca, Oax., a 1 de noviembre de 2025.- La Secretar\u00eda de Gobierno (Sego) de Oaxaca se\u00f1al\u00f3 que grupos y actores con intereses ajenos al bienestar colectivo promueven la confrontaci\u00f3n entre las comunidades Santiago Yosond\u00faa y Santa Mar\u00eda Yolotepec, ubicadas en la regi\u00f3n Mixteca; con el prop\u00f3sito de impedir una soluci\u00f3n definitiva a la problem\u00e1tica social que enfrentan.<\/p>\n\n\n\n<p>En este contexto, solicit\u00f3 a la Fiscal\u00eda General del Estado de Oaxaca (FGEO) realizar las investigaciones correspondientes y proceder conforme a derecho, a fin de que quienes resulten responsables de los hechos violentos enfrenten la justicia.<\/p>\n\n\n\n<p>El Gobierno del Estado ha sido claro y firme: la ley y el di\u00e1logo son los \u00fanicos caminos leg\u00edtimos para resolver las diferencias, los cuales ha privilegiado en todo momento para alcanzar la reconciliaci\u00f3n entre los pueblos.<\/p>\n\n\n\n<p>\u201cTambi\u00e9n corresponde a las autoridades agrarias y municipales asumir con responsabilidad su papel en la b\u00fasqueda de soluciones, evitando decisiones o acciones que agraven el conflicto\u201d, subray\u00f3 el titular de la Sego, Jes\u00fas Romero L\u00f3pez.<\/p>\n\n\n\n<p>Sin embargo, no se permitir\u00e1 que intereses particulares obstaculicen los esfuerzos para construir una paz territorial duradera, la cual requiere convicci\u00f3n, respeto a la ley y corresponsabilidad.<\/p>\n\n\n\n<p>En 3 a\u00f1os, gracias a la voluntad de las comunidades y a la pol\u00edtica de di\u00e1logo permanente implementada por la Primavera Oaxaque\u00f1a, se han resuelto 43 conflictos agrarios y sociales que ten\u00edan d\u00e9cadas sin soluci\u00f3n, lo que demuestra que en Oaxaca el camino de la concordia siempre rinde frutos.<\/p>\n","protected":false},"excerpt":{"rendered":"<p>Redacci\u00f3n\/Zona Roja. Oaxaca, Oax., a 1 de noviembre de 2025.- La Secretar\u00eda de Gobierno (Sego)&hellip;<\/p>\n","protected":false},"author":2,"featured_media":85344,"comment_status":"closed","ping_status":"open","sticky":false,"template":"","format":"standard","meta":{"_lmt_disableupdate":"","_lmt_disable":"","_jetpack_memberships_contains_paid_content":false,"footnotes":""},"categories":[109,47],"tags":[4412,3925],"class_list":["post-86437","post","type-post","status-publish","format-standard","has-post-thumbnail","hentry","category-minuto-a-minuto","category-zona-gris","tag-santa-maria-yolotepec","tag-santiago-yosondua"],"jetpack_featured_media_url":"https:\/\/zonaroja.com.mx\/wp-content\/uploads\/2025\/10\/Desplazdos-de-Yosondua-Buenavista.jpg","jetpack_sharing_enabled":true,"_links":{"self":[{"href":"https:\/\/zonaroja.com.mx\/index.php?rest_route=\/wp\/v2\/posts\/86437","targetHints":{"allow":["GET"]}}],"collection":[{"href":"https:\/\/zonaroja.com.mx\/index.php?rest_route=\/wp\/v2\/posts"}],"about":[{"href":"https:\/\/zonaroja.com.mx\/index.php?rest_route=\/wp\/v2\/types\/post"}],"author":[{"embeddable":true,"href":"https:\/\/zonaroja.com.mx\/index.php?rest_route=\/wp\/v2\/users\/2"}],"replies":[{"embeddable":true,"href":"https:\/\/zonaroja.com.mx\/index.php?rest_route=%2Fwp%2Fv2%2Fcomments&post=86437"}],"version-history":[{"count":1,"href":"https:\/\/zonaroja.com.mx\/index.php?rest_route=\/wp\/v2\/posts\/86437\/revisions"}],"predecessor-version":[{"id":86438,"href":"https:\/\/zonaroja.com.mx\/index.php?rest_route=\/wp\/v2\/posts\/86437\/revisions\/86438"}],"wp:featuredmedia":[{"embeddable":true,"href":"https:\/\/zonaroja.com.mx\/index.php?rest_route=\/wp\/v2\/media\/85344"}],"wp:attachment":[{"href":"https:\/\/zonaroja.com.mx\/index.php?rest_route=%2Fwp%2Fv2%2Fmedia&parent=86437"}],"wp:term":[{"taxonomy":"category","embeddable":true,"href":"https:\/\/zonaroja.com.mx\/index.php?rest_route=%2Fwp%2Fv2%2Fcategories&post=86437"},{"taxonomy":"post_tag","embeddable":true,"href":"https:\/\/zonaroja.com.mx\/index.php?rest_route=%2Fwp%2Fv2%2Ftags&post=86437"}],"curies":[{"name":"wp","href":"https:\/\/api.w.org\/{rel}","templated":true}]}}